{"id":2914,"date":"2014-08-06T05:28:42","date_gmt":"2014-08-06T08:28:42","guid":{"rendered":"https:\/\/ploff.net\/?p=2914"},"modified":"2014-08-06T05:28:42","modified_gmt":"2014-08-06T08:28:42","slug":"ba-169-jardineria-humana","status":"publish","type":"post","link":"https:\/\/ploff.net\/en\/ba-169-jardineria-humana\/","title":{"rendered":"BA 169 &#8211; Jardiner\u00eda Humana."},"content":{"rendered":"<p><span style=\"text-decoration: underline;\">Jardiner\u00eda Humana<\/span><\/p>\n<p>Un bolet\u00edn a media semana a modo de invitaci\u00f3n. Bolet\u00edn adelantado, y no de domingo\u2026 Adelantado, porque realmente quer\u00eda destacar el trabajo de un grupo de ciudadanos pampeanos que realizan una obra de teatro que va a estar este viernes y este s\u00e1bado, ambos d\u00edas a las 21:30 hrs., en la sala ATTP (toda la informaci\u00f3n de la obra haciendo <a href=\"https:\/\/www.facebook.com\/events\/685237344891251\/?fref=ts\" target=\"_blank\"><span style=\"text-decoration: underline;\">click ac\u00e1<\/span><\/a>)<\/p>\n<p><span style=\"font-size: 14px; line-height: 1.5em;\">Fui invitado a la primera obra y me vol\u00f3 los pelos (<\/span><i style=\"font-size: 14px; line-height: 1.5em;\">y algunos pensamientos tambi\u00e9n<\/i><span style=\"font-size: 14px; line-height: 1.5em;\">): <\/span><b style=\"font-size: 14px; line-height: 1.5em;\">JARDINER\u00cdA HUMANA<\/b><span style=\"font-size: 14px; line-height: 1.5em;\"> (ya el t\u00edtulo dice mucho\u2026), de Rodrigo Garc\u00eda, propone una <\/span><b style=\"font-size: 14px; line-height: 1.5em;\">aceptaci\u00f3n de uno mismo, un perd\u00f3n<\/b><span style=\"font-size: 14px; line-height: 1.5em;\">, pero s\u00f3lo despu\u00e9s de un proceso de depuraci\u00f3n, de purga mental, que impone la obra a la que uno se somete al entrar al teatro. Y no un sometimiento negativo, peyorativo, alienante, minimizador, individualista, sino un sometimiento l\u00f3gico, un \u201c<\/span><i style=\"font-size: 14px; line-height: 1.5em;\">ten\u00e9s raz\u00f3n<\/i><span style=\"font-size: 14px; line-height: 1.5em;\">\u201d inevitable que pens\u00e1s adentro tuyo en el transcurso de la obra.<\/span><\/p>\n<p><a href=\"https:\/\/ploff.net\/wp-content\/uploads\/2014\/08\/BA-169-Jardineria-Humana-OJO.jpg\"><img loading=\"lazy\" decoding=\"async\" class=\"aligncenter size-full wp-image-2916\" alt=\"BA 169 - Jardineria Humana - OJO\" src=\"https:\/\/ploff.net\/wp-content\/uploads\/2014\/08\/BA-169-Jardineria-Humana-OJO.jpg\" width=\"343\" height=\"450\" srcset=\"https:\/\/ploff.net\/wp-content\/uploads\/2014\/08\/BA-169-Jardineria-Humana-OJO.jpg 343w, https:\/\/ploff.net\/wp-content\/uploads\/2014\/08\/BA-169-Jardineria-Humana-OJO-228x300.jpg 228w, https:\/\/ploff.net\/wp-content\/uploads\/2014\/08\/BA-169-Jardineria-Humana-OJO-39x52.jpg 39w\" sizes=\"auto, (max-width: 343px) 100vw, 343px\" \/><\/a><\/p>\n<p>Una obra distinta\u2026 Una obra que comienza, y uno \u2013<i>al ratito<\/i>&#8211; comienza a sentirse mal, <span style=\"text-decoration: underline;\">no<\/span> necesariamente atacado, pero <span style=\"text-decoration: underline;\">s\u00ed<\/span> cuestionado\u2026 porque uno est\u00e1 ah\u00ed, ya compr\u00f3 la entrada (<i>que por cierto sale lo mismo que un <\/i>drink<i> en un boliche<\/i>, lo cual a su vez nos hace pensar en c\u00f3mo valoramos el arte\u2026 \u00bfno?, digo nom\u00e1s) y al estar ah\u00ed no te queda otra que encaravanarte en un viaje de autoan\u00e1lisis que (yo) simplemente no podr\u00eda pensar cu\u00e1nto tiempo duro\u2026 Eso mismo, <b>me olvid\u00e9 del tiempo durante el tiempo que transcurri\u00f3 la obra<\/b>, y eso es algo hermoso, que hab\u00eda olvidado, o que pens\u00e9 que solo se lograba meditando. Entonces, lo que primero sent\u00ed como una cr\u00edtica hacia mis h\u00e1bitos de consumo, a mi rutina, despu\u00e9s se torn\u00f3 en el consejo de un amigo, m\u00e1s bien, en la <i>confesi\u00f3n<\/i> de un amigo.<\/p>\n<p>Y cuando par\u00e1s el tiempo, cuando te frenas a pensar d\u00f3nde est\u00e1s parado, o mejor: no pensar, para <i>sentir<\/i> que <b>est\u00e1s parado sobre algo<\/b>: creencias, valores, cultura, futuro en com\u00fan (el buen vivir, el \u201c<i>dejarse de joder<\/i>\u201d y ser <a href=\"https:\/\/ploff.net\/2014\/07\/ba-166-acunando-la-frugalidad-posible-herramienta-de-revolucion\/\" target=\"_blank\"><span style=\"text-decoration: underline;\">frugal<\/span><\/a>). Reci\u00e9n ah\u00ed pens\u00e1s en <b>lo existencial<\/b> (ojo, <i>\u00a1s\u00f3lo ah\u00ed\u2026!<\/i> Siendo que <b>lo existencial<\/b> forma parte de nuestras vidas). Ahora bien, <i>\u00bfhasta qu\u00e9 punto nos permitimos incursionar en estas preguntas existenciales? \u00bfTenemos el tiempo de pensar en ellas? \u00bfNo deber\u00edamos poder disponer de Tiempo para pensar en ellas, para pensar qu\u00e9 quiero hacer de mi vida, adem\u00e1s de laburar y pagar cuentas? \u2013 <\/i>\u00bfO acaso tenemos <b>miedo<\/b> de pensar en preguntas existenciales? En algo tan existencial como ser: <i>\u00bfPor qu\u00e9 estoy trabajando en este laburo que no me produce felicidad alguna?<\/i> \u2013 NOS MERECEMOS EL TIEMPO DE CONTEMPLAR LA NATURALEZA Y NUESTRA PROPIA EXISTENCIA \u2013 Pero pareciera que en el hoy no disponemos de Tiempo para la contemplaci\u00f3n (por m\u00e1s que sea biol\u00f3gica y espiritualmente necesario contemplar la realidad que te rodea como algo m\u00e1s grosso, m\u00e1s superior a vos).<\/p>\n<p><span style=\"font-size: 14px; line-height: 1.5em;\">Parece que solo le echamos la culpa a la pol\u00edtica\u2026 pero, <\/span><b style=\"font-size: 14px; line-height: 1.5em;\">\u00bfqu\u00e9 le reclamamos a la pol\u00edtica?<\/b><span style=\"font-size: 14px; line-height: 1.5em;\">, \u00bfno estamos externalizando NUESTRA responsabilidad con el mundo al echarle la responsabilidad de acci\u00f3n a la pol\u00edtica? \u2013 no recuerdo d\u00f3nde lo le\u00ed, pero: siempre y cuando la econom\u00eda no se democr\u00e1tica, la pol\u00edtica tampoco lo ser\u00e1. En este sentido, las soluciones para evadir la mentira del sistema social en el que estamos inmersos, depende s\u00f3lo de nosotros mismos, y de buscar soluciones locales que luego se replicar\u00e1n de forma tal que simplemente \u201ccontagiar\u00e1\u201d a la sociedad entera. (Sobre esto y otras ideas retomar\u00e9 el bolet\u00edn siguiente)<\/span><\/p>\n<p>Pues bien, obra teatral, para santarrose\u00f1os, preguntas existenciales: \u00bfQui\u00e9n soy? \u00bfDe d\u00f3nde vengo? \u00bfHacia d\u00f3nde voy? \u00bfQu\u00e9 quiero hacer de mi vida? \u00bfCu\u00e1l es \u2013<i>despu\u00e9s de todo<\/i>&#8211; el sentido mismo de la vida? De todo esto y un poco m\u00e1s nos encontramos en esta obra. Cuestionando nuestros h\u00e1bitos y nuestra forma de pensar la realidad.<\/p>\n<p><a href=\"https:\/\/ploff.net\/wp-content\/uploads\/2014\/08\/BA-169-Jardineria-Humana-PLAZA.jpg\"><img loading=\"lazy\" decoding=\"async\" class=\"aligncenter size-full wp-image-2915\" alt=\"BA 169 - Jardineria Humana - PLAZA\" src=\"https:\/\/ploff.net\/wp-content\/uploads\/2014\/08\/BA-169-Jardineria-Humana-PLAZA.jpg\" width=\"480\" height=\"660\" srcset=\"https:\/\/ploff.net\/wp-content\/uploads\/2014\/08\/BA-169-Jardineria-Humana-PLAZA.jpg 480w, https:\/\/ploff.net\/wp-content\/uploads\/2014\/08\/BA-169-Jardineria-Humana-PLAZA-218x300.jpg 218w, https:\/\/ploff.net\/wp-content\/uploads\/2014\/08\/BA-169-Jardineria-Humana-PLAZA-37x52.jpg 37w\" sizes=\"auto, (max-width: 480px) 100vw, 480px\" \/><\/a><\/p>\n<p>A esto llegamos. A hablar entre dos personas con 15 personas m\u00e1s entre medio en diferentes conversaciones de <i>Whats Up, Facebook, Twitter, etc. <\/i>No saber respetar el momento por lo que es\u2026 salir a caminar y que sea una caminata, un mirar detalles\/<i>bellezas ocultas<\/i>. Y no llenarlo de m\u00e1s redes sociales mientras transito la sociedad. El <i>tener una mascota<\/i> como fuente receptora de toda nuestra personalidad\u2026 laburos en torno al mascotismo, y gente muriendo de hambre.<\/p>\n<p>A esto llegamos. A no soportar el silencio&#8230; A sentirnos obligados, a veces, a hablar de <i>boludeces<\/i>\u2026 a compararnos constantemente con el otro, a comparar an\u00e9cdotas, vivencias, saberes\u2026 cuando en realidad\u2026 <i>\u00bfson comparables los momentos, las situaciones, las desgracias? <\/i>\u00bfPor qu\u00e9 existe gente que se alegra cuando a otro le va mal? Para eso es mejor no contar nada, quedarse callado, disfrutar de un momento en soledad en vez de ir corriendo a contarle a alguien sobre c\u00f3mo logr\u00f3 sortear el aburrimiento en su vida\u2026<\/p>\n<p>Uno piensa en todas estas cuestiones como un trueno atemporal en esta obra. Mis felicitaciones a sus participantes y \u00a1suerte en el re-estreno!<\/p>\n<p>Ser\u00e1 hasta el domingo,<\/p>\n<p>Brian Longstaff.<\/p>\n<p>&nbsp;<\/p>\n<p><span style=\"text-decoration: underline;\">Agradecimientos (\u00a1y \u00e9xitos!)<\/span><\/p>\n<p><b>A todo el Equipo de Jardiner\u00eda Humana<\/b>, por compartir la visi\u00f3n de cambio, e invitarme a ver la obra: Carina Patthauer, Mauro Forte Brajin, Mapi Garc\u00eda Barberena, Marcelo Gonz\u00e1lez, Melisa Aimar, Valeria Buss, Camila Garc\u00eda, Miguel Sanchez y Edith Gazzaniga.<\/p>\n","protected":false},"excerpt":{"rendered":"<p>Jardiner\u00eda Humana Un bolet\u00edn a media semana a modo de invitaci\u00f3n. Bolet\u00edn adelantado, y no de domingo\u2026 Adelantado, porque realmente quer\u00eda destacar el trabajo de un grupo de ciudadanos pampeanos que realizan una obra de teatro que va a estar este viernes y este s\u00e1bado, ambos d\u00edas a las 21:30 hrs., en la sala ATTP [&hellip;]<\/p>\n","protected":false},"author":2,"featured_media":2916,"comment_status":"open","ping_status":"open","sticky":false,"template":"","format":"standard","meta":{"_monsterinsights_skip_tracking":false,"_monsterinsights_sitenote_active":false,"_monsterinsights_sitenote_note":"","_monsterinsights_sitenote_category":0,"footnotes":""},"categories":[2],"tags":[748],"class_list":["post-2914","post","type-post","status-publish","format-standard","has-post-thumbnail","hentry","category-boletin","tag-jardineria-humana"],"yoast_head":"<!-- This site is optimized with the Yoast SEO plugin v24.3 - https:\/\/yoast.com\/wordpress\/plugins\/seo\/ -->\n<title>BA 169 - Jardiner\u00eda Humana. - Ploff.net<\/title>\n<meta name=\"robots\" content=\"index, follow, max-snippet:-1, max-image-preview:large, max-video-preview:-1\" \/>\n<link rel=\"canonical\" href=\"https:\/\/ploff.net\/en\/ba-169-jardineria-humana\/\" \/>\n<meta property=\"og:locale\" content=\"en_US\" \/>\n<meta property=\"og:type\" content=\"article\" \/>\n<meta property=\"og:title\" content=\"BA 169 - Jardiner\u00eda Humana. - Ploff.net\" \/>\n<meta property=\"og:description\" content=\"Jardiner\u00eda Humana Un bolet\u00edn a media semana a modo de invitaci\u00f3n. Bolet\u00edn adelantado, y no de domingo\u2026 Adelantado, porque realmente quer\u00eda destacar el trabajo de un grupo de ciudadanos pampeanos que realizan una obra de teatro que va a estar este viernes y este s\u00e1bado, ambos d\u00edas a las 21:30 hrs., en la sala ATTP [&hellip;]\" \/>\n<meta property=\"og:url\" content=\"https:\/\/ploff.net\/en\/ba-169-jardineria-humana\/\" \/>\n<meta property=\"og:site_name\" content=\"Ploff.net\" \/>\n<meta property=\"article:publisher\" content=\"https:\/\/www.facebook.com\/ploffnet\/\" \/>\n<meta property=\"article:published_time\" content=\"2014-08-06T08:28:42+00:00\" \/>\n<meta property=\"og:image\" content=\"https:\/\/ploff.net\/wp-content\/uploads\/2014\/08\/BA-169-Jardineria-Humana-OJO.jpg\" \/>\n\t<meta property=\"og:image:width\" content=\"343\" \/>\n\t<meta property=\"og:image:height\" content=\"450\" \/>\n\t<meta property=\"og:image:type\" content=\"image\/jpeg\" \/>\n<meta name=\"author\" content=\"Brian Longstaff\" \/>\n<meta name=\"twitter:card\" content=\"summary_large_image\" \/>\n<meta name=\"twitter:label1\" content=\"Written by\" \/>\n\t<meta name=\"twitter:data1\" content=\"Brian Longstaff\" \/>\n\t<meta name=\"twitter:label2\" content=\"Est. reading time\" \/>\n\t<meta name=\"twitter:data2\" content=\"5 minutes\" \/>\n<script type=\"application\/ld+json\" class=\"yoast-schema-graph\">{\"@context\":\"https:\/\/schema.org\",\"@graph\":[{\"@type\":\"Article\",\"@id\":\"https:\/\/ploff.net\/en\/ba-169-jardineria-humana\/#article\",\"isPartOf\":{\"@id\":\"https:\/\/ploff.net\/en\/ba-169-jardineria-humana\/\"},\"author\":{\"name\":\"Brian Longstaff\",\"@id\":\"https:\/\/ploff.net\/#\/schema\/person\/50f4145b8c3f93374cec32f352d4244a\"},\"headline\":\"BA 169 &#8211; Jardiner\u00eda Humana.\",\"datePublished\":\"2014-08-06T08:28:42+00:00\",\"dateModified\":\"2014-08-06T08:28:42+00:00\",\"mainEntityOfPage\":{\"@id\":\"https:\/\/ploff.net\/en\/ba-169-jardineria-humana\/\"},\"wordCount\":939,\"commentCount\":3,\"publisher\":{\"@id\":\"https:\/\/ploff.net\/#organization\"},\"image\":{\"@id\":\"https:\/\/ploff.net\/en\/ba-169-jardineria-humana\/#primaryimage\"},\"thumbnailUrl\":\"https:\/\/ploff.net\/wp-content\/uploads\/2014\/08\/BA-169-Jardineria-Humana-OJO.jpg\",\"keywords\":[\"Jardiner\u00eda Humana\"],\"articleSection\":[\"Boletin\"],\"inLanguage\":\"en-US\",\"potentialAction\":[{\"@type\":\"CommentAction\",\"name\":\"Comment\",\"target\":[\"https:\/\/ploff.net\/en\/ba-169-jardineria-humana\/#respond\"]}]},{\"@type\":\"WebPage\",\"@id\":\"https:\/\/ploff.net\/en\/ba-169-jardineria-humana\/\",\"url\":\"https:\/\/ploff.net\/en\/ba-169-jardineria-humana\/\",\"name\":\"BA 169 - Jardiner\u00eda Humana. - Ploff.net\",\"isPartOf\":{\"@id\":\"https:\/\/ploff.net\/#website\"},\"primaryImageOfPage\":{\"@id\":\"https:\/\/ploff.net\/en\/ba-169-jardineria-humana\/#primaryimage\"},\"image\":{\"@id\":\"https:\/\/ploff.net\/en\/ba-169-jardineria-humana\/#primaryimage\"},\"thumbnailUrl\":\"https:\/\/ploff.net\/wp-content\/uploads\/2014\/08\/BA-169-Jardineria-Humana-OJO.jpg\",\"datePublished\":\"2014-08-06T08:28:42+00:00\",\"dateModified\":\"2014-08-06T08:28:42+00:00\",\"breadcrumb\":{\"@id\":\"https:\/\/ploff.net\/en\/ba-169-jardineria-humana\/#breadcrumb\"},\"inLanguage\":\"en-US\",\"potentialAction\":[{\"@type\":\"ReadAction\",\"target\":[\"https:\/\/ploff.net\/en\/ba-169-jardineria-humana\/\"]}]},{\"@type\":\"ImageObject\",\"inLanguage\":\"en-US\",\"@id\":\"https:\/\/ploff.net\/en\/ba-169-jardineria-humana\/#primaryimage\",\"url\":\"https:\/\/ploff.net\/wp-content\/uploads\/2014\/08\/BA-169-Jardineria-Humana-OJO.jpg\",\"contentUrl\":\"https:\/\/ploff.net\/wp-content\/uploads\/2014\/08\/BA-169-Jardineria-Humana-OJO.jpg\",\"width\":343,\"height\":450},{\"@type\":\"BreadcrumbList\",\"@id\":\"https:\/\/ploff.net\/en\/ba-169-jardineria-humana\/#breadcrumb\",\"itemListElement\":[{\"@type\":\"ListItem\",\"position\":1,\"name\":\"Portada\",\"item\":\"https:\/\/ploff.net\/\"},{\"@type\":\"ListItem\",\"position\":2,\"name\":\"BA 169 &#8211; Jardiner\u00eda Humana.\"}]},{\"@type\":\"WebSite\",\"@id\":\"https:\/\/ploff.net\/#website\",\"url\":\"https:\/\/ploff.net\/\",\"name\":\"Ploff.net - Amor, Paz, Unidad y Amistad\",\"description\":\"Love, Peace, Unity, Friendship.\",\"publisher\":{\"@id\":\"https:\/\/ploff.net\/#organization\"},\"potentialAction\":[{\"@type\":\"SearchAction\",\"target\":{\"@type\":\"EntryPoint\",\"urlTemplate\":\"https:\/\/ploff.net\/?s={search_term_string}\"},\"query-input\":{\"@type\":\"PropertyValueSpecification\",\"valueRequired\":true,\"valueName\":\"search_term_string\"}}],\"inLanguage\":\"en-US\"},{\"@type\":\"Organization\",\"@id\":\"https:\/\/ploff.net\/#organization\",\"name\":\"Ploff\",\"url\":\"https:\/\/ploff.net\/\",\"logo\":{\"@type\":\"ImageObject\",\"inLanguage\":\"en-US\",\"@id\":\"https:\/\/ploff.net\/#\/schema\/logo\/image\/\",\"url\":\"https:\/\/ploff.net\/wp-content\/uploads\/2020\/04\/ploff-logo.jpg\",\"contentUrl\":\"https:\/\/ploff.net\/wp-content\/uploads\/2020\/04\/ploff-logo.jpg\",\"width\":180,\"height\":180,\"caption\":\"Ploff\"},\"image\":{\"@id\":\"https:\/\/ploff.net\/#\/schema\/logo\/image\/\"},\"sameAs\":[\"https:\/\/www.facebook.com\/ploffnet\/\",\"https:\/\/www.youtube.com\/user\/Ploffnet\"]},{\"@type\":\"Person\",\"@id\":\"https:\/\/ploff.net\/#\/schema\/person\/50f4145b8c3f93374cec32f352d4244a\",\"name\":\"Brian Longstaff\",\"image\":{\"@type\":\"ImageObject\",\"inLanguage\":\"en-US\",\"@id\":\"https:\/\/ploff.net\/#\/schema\/person\/image\/\",\"url\":\"https:\/\/secure.gravatar.com\/avatar\/6e54b28b52182bb68ba2cc9bc60c83c6?s=96&d=mm&r=g\",\"contentUrl\":\"https:\/\/secure.gravatar.com\/avatar\/6e54b28b52182bb68ba2cc9bc60c83c6?s=96&d=mm&r=g\",\"caption\":\"Brian Longstaff\"},\"url\":\"https:\/\/ploff.net\/en\/author\/brian\/\"}]}<\/script>\n<!-- \/ Yoast SEO plugin. -->","yoast_head_json":{"title":"BA 169 - Jardiner\u00eda Humana. - Ploff.net","robots":{"index":"index","follow":"follow","max-snippet":"max-snippet:-1","max-image-preview":"max-image-preview:large","max-video-preview":"max-video-preview:-1"},"canonical":"https:\/\/ploff.net\/en\/ba-169-jardineria-humana\/","og_locale":"en_US","og_type":"article","og_title":"BA 169 - Jardiner\u00eda Humana. - Ploff.net","og_description":"Jardiner\u00eda Humana Un bolet\u00edn a media semana a modo de invitaci\u00f3n. Bolet\u00edn adelantado, y no de domingo\u2026 Adelantado, porque realmente quer\u00eda destacar el trabajo de un grupo de ciudadanos pampeanos que realizan una obra de teatro que va a estar este viernes y este s\u00e1bado, ambos d\u00edas a las 21:30 hrs., en la sala ATTP [&hellip;]","og_url":"https:\/\/ploff.net\/en\/ba-169-jardineria-humana\/","og_site_name":"Ploff.net","article_publisher":"https:\/\/www.facebook.com\/ploffnet\/","article_published_time":"2014-08-06T08:28:42+00:00","og_image":[{"width":343,"height":450,"url":"https:\/\/ploff.net\/wp-content\/uploads\/2014\/08\/BA-169-Jardineria-Humana-OJO.jpg","type":"image\/jpeg"}],"author":"Brian Longstaff","twitter_card":"summary_large_image","twitter_misc":{"Written by":"Brian Longstaff","Est. reading time":"5 minutes"},"schema":{"@context":"https:\/\/schema.org","@graph":[{"@type":"Article","@id":"https:\/\/ploff.net\/en\/ba-169-jardineria-humana\/#article","isPartOf":{"@id":"https:\/\/ploff.net\/en\/ba-169-jardineria-humana\/"},"author":{"name":"Brian Longstaff","@id":"https:\/\/ploff.net\/#\/schema\/person\/50f4145b8c3f93374cec32f352d4244a"},"headline":"BA 169 &#8211; Jardiner\u00eda Humana.","datePublished":"2014-08-06T08:28:42+00:00","dateModified":"2014-08-06T08:28:42+00:00","mainEntityOfPage":{"@id":"https:\/\/ploff.net\/en\/ba-169-jardineria-humana\/"},"wordCount":939,"commentCount":3,"publisher":{"@id":"https:\/\/ploff.net\/#organization"},"image":{"@id":"https:\/\/ploff.net\/en\/ba-169-jardineria-humana\/#primaryimage"},"thumbnailUrl":"https:\/\/ploff.net\/wp-content\/uploads\/2014\/08\/BA-169-Jardineria-Humana-OJO.jpg","keywords":["Jardiner\u00eda Humana"],"articleSection":["Boletin"],"inLanguage":"en-US","potentialAction":[{"@type":"CommentAction","name":"Comment","target":["https:\/\/ploff.net\/en\/ba-169-jardineria-humana\/#respond"]}]},{"@type":"WebPage","@id":"https:\/\/ploff.net\/en\/ba-169-jardineria-humana\/","url":"https:\/\/ploff.net\/en\/ba-169-jardineria-humana\/","name":"BA 169 - Jardiner\u00eda Humana. - Ploff.net","isPartOf":{"@id":"https:\/\/ploff.net\/#website"},"primaryImageOfPage":{"@id":"https:\/\/ploff.net\/en\/ba-169-jardineria-humana\/#primaryimage"},"image":{"@id":"https:\/\/ploff.net\/en\/ba-169-jardineria-humana\/#primaryimage"},"thumbnailUrl":"https:\/\/ploff.net\/wp-content\/uploads\/2014\/08\/BA-169-Jardineria-Humana-OJO.jpg","datePublished":"2014-08-06T08:28:42+00:00","dateModified":"2014-08-06T08:28:42+00:00","breadcrumb":{"@id":"https:\/\/ploff.net\/en\/ba-169-jardineria-humana\/#breadcrumb"},"inLanguage":"en-US","potentialAction":[{"@type":"ReadAction","target":["https:\/\/ploff.net\/en\/ba-169-jardineria-humana\/"]}]},{"@type":"ImageObject","inLanguage":"en-US","@id":"https:\/\/ploff.net\/en\/ba-169-jardineria-humana\/#primaryimage","url":"https:\/\/ploff.net\/wp-content\/uploads\/2014\/08\/BA-169-Jardineria-Humana-OJO.jpg","contentUrl":"https:\/\/ploff.net\/wp-content\/uploads\/2014\/08\/BA-169-Jardineria-Humana-OJO.jpg","width":343,"height":450},{"@type":"BreadcrumbList","@id":"https:\/\/ploff.net\/en\/ba-169-jardineria-humana\/#breadcrumb","itemListElement":[{"@type":"ListItem","position":1,"name":"Portada","item":"https:\/\/ploff.net\/"},{"@type":"ListItem","position":2,"name":"BA 169 &#8211; Jardiner\u00eda Humana."}]},{"@type":"WebSite","@id":"https:\/\/ploff.net\/#website","url":"https:\/\/ploff.net\/","name":"Ploff.net - Amor, Paz, Unidad y Amistad","description":"Love, Peace, Unity, Friendship.","publisher":{"@id":"https:\/\/ploff.net\/#organization"},"potentialAction":[{"@type":"SearchAction","target":{"@type":"EntryPoint","urlTemplate":"https:\/\/ploff.net\/?s={search_term_string}"},"query-input":{"@type":"PropertyValueSpecification","valueRequired":true,"valueName":"search_term_string"}}],"inLanguage":"en-US"},{"@type":"Organization","@id":"https:\/\/ploff.net\/#organization","name":"Ploff","url":"https:\/\/ploff.net\/","logo":{"@type":"ImageObject","inLanguage":"en-US","@id":"https:\/\/ploff.net\/#\/schema\/logo\/image\/","url":"https:\/\/ploff.net\/wp-content\/uploads\/2020\/04\/ploff-logo.jpg","contentUrl":"https:\/\/ploff.net\/wp-content\/uploads\/2020\/04\/ploff-logo.jpg","width":180,"height":180,"caption":"Ploff"},"image":{"@id":"https:\/\/ploff.net\/#\/schema\/logo\/image\/"},"sameAs":["https:\/\/www.facebook.com\/ploffnet\/","https:\/\/www.youtube.com\/user\/Ploffnet"]},{"@type":"Person","@id":"https:\/\/ploff.net\/#\/schema\/person\/50f4145b8c3f93374cec32f352d4244a","name":"Brian Longstaff","image":{"@type":"ImageObject","inLanguage":"en-US","@id":"https:\/\/ploff.net\/#\/schema\/person\/image\/","url":"https:\/\/secure.gravatar.com\/avatar\/6e54b28b52182bb68ba2cc9bc60c83c6?s=96&d=mm&r=g","contentUrl":"https:\/\/secure.gravatar.com\/avatar\/6e54b28b52182bb68ba2cc9bc60c83c6?s=96&d=mm&r=g","caption":"Brian Longstaff"},"url":"https:\/\/ploff.net\/en\/author\/brian\/"}]}},"_links":{"self":[{"href":"https:\/\/ploff.net\/en\/wp-json\/wp\/v2\/posts\/2914","targetHints":{"allow":["GET"]}}],"collection":[{"href":"https:\/\/ploff.net\/en\/wp-json\/wp\/v2\/posts"}],"about":[{"href":"https:\/\/ploff.net\/en\/wp-json\/wp\/v2\/types\/post"}],"author":[{"embeddable":true,"href":"https:\/\/ploff.net\/en\/wp-json\/wp\/v2\/users\/2"}],"replies":[{"embeddable":true,"href":"https:\/\/ploff.net\/en\/wp-json\/wp\/v2\/comments?post=2914"}],"version-history":[{"count":1,"href":"https:\/\/ploff.net\/en\/wp-json\/wp\/v2\/posts\/2914\/revisions"}],"predecessor-version":[{"id":2917,"href":"https:\/\/ploff.net\/en\/wp-json\/wp\/v2\/posts\/2914\/revisions\/2917"}],"wp:featuredmedia":[{"embeddable":true,"href":"https:\/\/ploff.net\/en\/wp-json\/wp\/v2\/media\/2916"}],"wp:attachment":[{"href":"https:\/\/ploff.net\/en\/wp-json\/wp\/v2\/media?parent=2914"}],"wp:term":[{"taxonomy":"category","embeddable":true,"href":"https:\/\/ploff.net\/en\/wp-json\/wp\/v2\/categories?post=2914"},{"taxonomy":"post_tag","embeddable":true,"href":"https:\/\/ploff.net\/en\/wp-json\/wp\/v2\/tags?post=2914"}],"curies":[{"name":"wp","href":"https:\/\/api.w.org\/{rel}","templated":true}]}}