{"id":2974,"date":"2014-08-31T22:48:09","date_gmt":"2014-09-01T01:48:09","guid":{"rendered":"https:\/\/ploff.net\/?p=2974"},"modified":"2015-05-10T11:58:20","modified_gmt":"2015-05-10T14:58:20","slug":"ba-173-movimiento-social-ambientalista-en-santa-rosa-la-pampa","status":"publish","type":"post","link":"https:\/\/ploff.net\/en\/ba-173-movimiento-social-ambientalista-en-santa-rosa-la-pampa\/","title":{"rendered":"(Espa\u00f1ol) BA 173 &#8211; Movimiento Social Ambientalista en Santa Rosa, La Pampa."},"content":{"rendered":"<p><b><span style=\"text-decoration: underline;\">\u00bfUn Movimiento Social Ambientalista en Santa Rosa?<\/span><\/b><\/p>\n<p>\u201c<i>Tienes que creerlo. Digamos que sin esa creencia no tienes nada.<\/i>\u201d (Castaneda, 1974)<\/p>\n<p>Y al fin lleg\u00f3 el d\u00eda en el que podemos hablar sobre esto&#8230; de la posibilidad de salirnos de nuestra estructura, e intentar cambiar la realidad. <i>No es tan estrictamente dif\u00edcil\u2026 <\/i>Una ciudad intermedia como Santa Rosa (<i>intermedia<\/i> por un tema demogr\u00e1fico) de unos 147.000 habitantes, es mucho m\u00e1s flexible para amoldarse a los cambios, para reaccionar, para actuar como grupo. Pero eso ya lo hablamos en los tres boletines consecutivos de \u201cCiudad Futura\u201d que pueden <a href=\"https:\/\/ploff.net\/ba-146-ciudad-futura-vol-1\/\" target=\"_blank\"><span style=\"text-decoration: underline;\">leer ac\u00e1<\/span><\/a>.<\/p>\n<p>Entonces, si dentro de una ciudad como Santa Rosa, <b>tenemos ya un pu\u00f1ado de gente que ya se conoce las caras, <i>que est\u00e1 activando<\/i>, despertando y pretendiendo llevarse puesto al paradigma reinante con pura concientizaci\u00f3n ambiental<\/b>, entonces creer\u00eda &#8211;<i>me estar\u00eda atreviendo a decir<\/i>&#8211; que la ciudad ya est\u00e1 en camino a reducir su huella ecol\u00f3gica, y &#8211;<i>\u00bfpor qu\u00e9 no?<\/i>&#8211; sustentabilizar el metabolismo urbano logrando as\u00ed que nuestro accionar sea tan sereno como el ronronear de un felino, el meneo de la copa de un \u00e1rbol ante un frente fr\u00edo que ingresa, o esa golondrina que alguna vez te pas\u00f3 zumbando por arriba del hombro hacia abajo y <i>zooooommm-alete\u00f3-para-arriba..<\/i>. <i>y se fue!<\/i><\/p>\n<p><a href=\"https:\/\/ploff.net\/wp-content\/uploads\/2014\/08\/BA-173-Taller-1.jpg\"><img loading=\"lazy\" decoding=\"async\" class=\"aligncenter size-full wp-image-2972\" src=\"https:\/\/ploff.net\/wp-content\/uploads\/2014\/08\/BA-173-Taller-1.jpg\" alt=\"BA 173 - Taller 1\" width=\"3903\" height=\"2657\" data-wp-pid=\"2972\" srcset=\"https:\/\/ploff.net\/wp-content\/uploads\/2014\/08\/BA-173-Taller-1.jpg 3903w, https:\/\/ploff.net\/wp-content\/uploads\/2014\/08\/BA-173-Taller-1-300x204.jpg 300w, https:\/\/ploff.net\/wp-content\/uploads\/2014\/08\/BA-173-Taller-1-1024x697.jpg 1024w, https:\/\/ploff.net\/wp-content\/uploads\/2014\/08\/BA-173-Taller-1-67x45.jpg 67w, https:\/\/ploff.net\/wp-content\/uploads\/2014\/08\/BA-173-Taller-1-800x544.jpg 800w\" sizes=\"auto, (max-width: 3903px) 100vw, 3903px\" \/><\/a><\/p>\n<p>Hace dos a\u00f1os atr\u00e1s (<a href=\"https:\/\/ploff.net\/boletin-consciente-n-59\/\" target=\"_blank\"><span style=\"text-decoration: underline;\">c<\/span><span style=\"text-decoration: underline;\">lick ac\u00e1<\/span><\/a>), pensando <b>d\u00f3nde estamos parados<\/b>, citamos el trabajo de Ken Wilber, fil\u00f3sofo contempor\u00e1neo, que sostiene que un 2% de nuestra especie posee una consciencia que denomina integral, es decir, basada en un entendimiento \u201centero\u201d (holista o sist\u00e9mico) del fen\u00f3meno de la materia, la vida, la mente y el esp\u00edritu, no \u00fanicamente en un encuadre planetario sino a la vez en una perspectiva c\u00f3smica. \u00c9l sostiene que ese 2% puede <i>contagiar <\/i>a un 20% de la poblaci\u00f3n mundial\u2026 y, <i>cual bola de nieve<\/i>, <b>cambiar <\/b>(primero desde <i>nosotros<\/i>)<b> nuestra cultura, nuestros h\u00e1bitos y nuestro impacto ambiental<\/b>.<\/p>\n<p>Y pensaba\u2026 mientras me sentaba a charlar con La Utop\u00eda por un rato <i>(porfiada amiga)\u2026<\/i> que el 2% de la poblaci\u00f3n de Santa Rosa son unas <b>2.940 personas<\/b>. Y si de repente nos proponemos, durante el pr\u00f3ximo a\u00f1o, <span style=\"text-decoration: underline;\">las <b>102 personas<\/b> que asistieron al <b>\u201cTaller de Concientizaci\u00f3n Ambiental\u201d<\/b><\/span> (los cont\u00e9 personalmente) organizado por el <b>F.E.P.<\/b> (Frente Estudiantil Popular de la Facultad de Ciencias Humanas) y la <b>Agrupaci\u00f3n Renovar<\/b> (de la Facultad de Ciencias Exactas y Naturales), <b><span style=\"text-decoration: underline;\">charlar con 29 personas<\/span><\/b>, e intentar elevar sus niveles de concientizaci\u00f3n ambiental, estar\u00edamos concientizando a ese 2% de la poblaci\u00f3n santarrose\u00f1a, y los buenos h\u00e1bitos surgir\u00edan much\u00edsimo m\u00e1s f\u00e1cil\u2026 Y no es tan dif\u00edcil\u2026 es 1 persona cada 12 d\u00edas\u2026 un amigo, un familiar, al que tenes enfrente en la cola del banco o el <i>rapipago<\/i>, siempre se conoce a gente nueva\u2026<\/p>\n<p><a href=\"https:\/\/ploff.net\/wp-content\/uploads\/2014\/08\/BA-173-Taller-2.jpg\"><img loading=\"lazy\" decoding=\"async\" class=\"aligncenter size-full wp-image-2973\" src=\"https:\/\/ploff.net\/wp-content\/uploads\/2014\/08\/BA-173-Taller-2.jpg\" alt=\"BA 173 - Taller 2\" width=\"4911\" height=\"1913\" data-wp-pid=\"2973\" srcset=\"https:\/\/ploff.net\/wp-content\/uploads\/2014\/08\/BA-173-Taller-2.jpg 4911w, https:\/\/ploff.net\/wp-content\/uploads\/2014\/08\/BA-173-Taller-2-300x116.jpg 300w, https:\/\/ploff.net\/wp-content\/uploads\/2014\/08\/BA-173-Taller-2-1024x398.jpg 1024w, https:\/\/ploff.net\/wp-content\/uploads\/2014\/08\/BA-173-Taller-2-67x26.jpg 67w, https:\/\/ploff.net\/wp-content\/uploads\/2014\/08\/BA-173-Taller-2-800x311.jpg 800w\" sizes=\"auto, (max-width: 4911px) 100vw, 4911px\" \/><\/a><\/p>\n<p>El asunto es que <i>si lo <b>pens\u00e1s<\/b> demasiado<\/i>, te parece IMPOSIBLE (cuando, en realidad, s\u00f3lo tenes que <b><i>querer<\/i> hacerlo<\/b>).<\/p>\n<p><i>\u201cUn guerrero, o cualquier hombre si a \u00e9sas vamos, no puede de ning\u00fan modo lamentarse por no estar, en otra parte (\u2026) <\/i><\/p>\n<p><i>El mundo se ajusta a s\u00ed mismo (\u2026) <\/i><\/p>\n<p><i>El mundo sostenido por <\/i><b>raz\u00f3n<\/b><i> hace de todo esto un asunto que podemos observar por un momento en camino hacia otras cosas m\u00e1s importantes. (\u2026) El mundo sostenido por <\/i><b>voluntad<\/b><i> lo hace un acto de poder, un acto que podemos <\/i>ver<i> (\u2026) Estas son las dos posibilidades que se abren a nosotros, los seres luminosos. Tu andas por ah\u00ed en el medio; todav\u00eda quieres tenerlo todo bajo la firma de la <\/i>raz\u00f3n<i> (\u2026)<\/i><\/p>\n<p><i>Somos perceptores. Nos damos cuenta; no somos objetos; no tenemos solidez. No tenemos l\u00edmites. El mundo de los objetos y la solidez es una manera de hacer nuestro paso por la tierra m\u00e1s conveniente. Es s\u00f3lo una descripci\u00f3n creada para ayudarnos. Nosotros, o mejor dicho nuestra <\/i>raz\u00f3n<i>, olvida que la descripci\u00f3n es solamente una descripci\u00f3n y as\u00ed atrapamos la totalidad de nosotros mismos en un c\u00edrculo vicioso del que rara vez salimos en vida. (\u2026)<\/i><\/p>\n<p><b><i>Lo que quiero sugerirte a estas alturas es que, de ahora en adelante, te esfuerces por percibir si lo que sostiene la descripci\u00f3n es tu <\/i><\/b><b>raz\u00f3n<i> o tu <\/i>voluntad<i>. Yo siento, por cierto, que esa es la \u00fanica manera de usar tu mundo diario como un desaf\u00edo y como un veh\u00edculo para acumular suficiente poder personal, a fin de llegar a la totalidad de ti mismo<\/i><\/b><i>\u201d<\/i> (Castaneda, 1974)<\/p>\n<p>Pens\u00e9moslo s\u00f3lo un momento\u2026<\/p>\n<p><a href=\"https:\/\/ploff.net\/wp-content\/uploads\/2014\/08\/BA-173-MISMAS-CARAS.jpg\"><img loading=\"lazy\" decoding=\"async\" class=\"aligncenter size-full wp-image-2970\" src=\"https:\/\/ploff.net\/wp-content\/uploads\/2014\/08\/BA-173-MISMAS-CARAS.jpg\" alt=\"BA 173 - MISMAS CARAS\" width=\"720\" height=\"960\" data-wp-pid=\"2970\" srcset=\"https:\/\/ploff.net\/wp-content\/uploads\/2014\/08\/BA-173-MISMAS-CARAS.jpg 720w, https:\/\/ploff.net\/wp-content\/uploads\/2014\/08\/BA-173-MISMAS-CARAS-225x300.jpg 225w, https:\/\/ploff.net\/wp-content\/uploads\/2014\/08\/BA-173-MISMAS-CARAS-39x52.jpg 39w, https:\/\/ploff.net\/wp-content\/uploads\/2014\/08\/BA-173-MISMAS-CARAS-600x800.jpg 600w\" sizes=\"auto, (max-width: 720px) 100vw, 720px\" \/><\/a><\/p>\n<p>Qu\u00e9 se yo\u2026 admito que es <b><i>tremendamente altruista<\/i><\/b> lo que estoy diciendo, pero\u2026 \u00bfqu\u00e9 tiene de malo al menos pensar en esto?&#8230; y tambi\u00e9n me pregunto\u2026 <i>\u00bfpor qu\u00e9 me estoy permitiendo ser tan optimista?&#8230; <\/i><\/p>\n<p>Quiz\u00e1s, sea porque en verdad, no estamos tan lejos de materializar un verdadero <b>Movimiento Social Ambientalista en Santa Rosa<\/b>; y, por supuesto, \u201cesto no es una extensi\u00f3n m\u00e1s de una bandera pol\u00edtica\u201d, como acertadamente me comentaba mi amigo y futuro Ingeniero en Recursos Naturales y Medio Ambiente, Alan Minig, sino m\u00e1s bien un <i>SENTIR CIUDADANO<\/i>.<\/p>\n<p><a href=\"https:\/\/ploff.net\/wp-content\/uploads\/2014\/08\/BA-173-ALAN-MINIG.jpg\"><img loading=\"lazy\" decoding=\"async\" class=\"aligncenter size-full wp-image-2965\" src=\"https:\/\/ploff.net\/wp-content\/uploads\/2014\/08\/BA-173-ALAN-MINIG.jpg\" alt=\"BA 173 - ALAN MINIG\" width=\"960\" height=\"720\" data-wp-pid=\"2965\" srcset=\"https:\/\/ploff.net\/wp-content\/uploads\/2014\/08\/BA-173-ALAN-MINIG.jpg 960w, https:\/\/ploff.net\/wp-content\/uploads\/2014\/08\/BA-173-ALAN-MINIG-300x225.jpg 300w, https:\/\/ploff.net\/wp-content\/uploads\/2014\/08\/BA-173-ALAN-MINIG-67x50.jpg 67w, https:\/\/ploff.net\/wp-content\/uploads\/2014\/08\/BA-173-ALAN-MINIG-800x600.jpg 800w\" sizes=\"auto, (max-width: 960px) 100vw, 960px\" \/><\/a><\/p>\n<p>Tratemos de darle un marco te\u00f3rico, sino siempre existen quienes quieren cuestionan <i>el sentir<\/i>, y le entregan su fe ciega a la raz\u00f3n\u2026<\/p>\n<p>Seg\u00fan Alain Touraine, soci\u00f3logo franc\u00e9s, los movimientos sociales, para ser pensados como tales, deben enmarcarse dentro de tres principios: el principio de <b>IDENTIDAD<\/b>, el de <b>OPOSICI\u00d3N<\/b>, y el de <b>TOTALIDAD<\/b>.<\/p>\n<p>El <span style=\"text-decoration: underline;\">PRINCIPIO DE IDENTIDAD<\/span> se refiere a preguntarnos \u00bfQUI\u00c9NES SOMOS? \u2013 Somos seres humanos con Conciencia Ambiental; somos conscientes del lugar que ocupamos dentro del ciclo del consumo y de nuestro impacto ambiental, el cual deseamos aminorar.<\/p>\n<p><i>\u201cLa diferencia b\u00e1sica entre un hombre com\u00fan y un guerrero es que un guerrero toma todo como un desaf\u00edo; mientras que un hombre ordinario toma todo como bendici\u00f3n o maldici\u00f3n. (\u2026) Un guerrero debe ser fluido y debe variar en armon\u00eda con el mundo que lo rodea, ya sea el mundo de la <\/i>raz\u00f3n<i> o el mundo de la <\/i>voluntad<i>\u201d<\/i> (Castaneda, 1974)<\/p>\n<p>La identidad, tambi\u00e9n la formamos pregunt\u00e1ndonos\u2026\u00a0 \u00bfQU\u00c9 QUEREMOS LOGRAR? \u2013 y esto es claro, pues queremos:<\/p>\n<ul>\n<li>Soberan\u00eda Alimentaria;<\/li>\n<li>Independencia Energ\u00e9tica;<\/li>\n<li>Tiempo para invertir en ser Felices.<\/li>\n<\/ul>\n<p><a href=\"https:\/\/ploff.net\/wp-content\/uploads\/2014\/08\/BA-173-MISMAS-CARAS-2.jpg\"><img loading=\"lazy\" decoding=\"async\" class=\"aligncenter size-full wp-image-2968\" src=\"https:\/\/ploff.net\/wp-content\/uploads\/2014\/08\/BA-173-MISMAS-CARAS-2.jpg\" alt=\"BA 173 - MISMAS CARAS 2\" width=\"960\" height=\"720\" data-wp-pid=\"2968\" srcset=\"https:\/\/ploff.net\/wp-content\/uploads\/2014\/08\/BA-173-MISMAS-CARAS-2.jpg 960w, https:\/\/ploff.net\/wp-content\/uploads\/2014\/08\/BA-173-MISMAS-CARAS-2-300x225.jpg 300w, https:\/\/ploff.net\/wp-content\/uploads\/2014\/08\/BA-173-MISMAS-CARAS-2-67x50.jpg 67w, https:\/\/ploff.net\/wp-content\/uploads\/2014\/08\/BA-173-MISMAS-CARAS-2-800x600.jpg 800w\" sizes=\"auto, (max-width: 960px) 100vw, 960px\" \/><\/a><\/p>\n<p>El <span style=\"text-decoration: underline;\">PRINCIPIO DE OPOSICI\u00d3N<\/span> se refiere a saber <i>qu\u00e9 persona<\/i> ser\u00e1 contraria a esa identidad. No tanto como un enemigo al cual pretendemos matar, sino m\u00e1s bien tener en claro <i>en quienes <\/i>NO deseamos convertirnos, sabiendo decir que<i> \u201cEsto NO es como yo quiero ser en el futuro\u201d<\/i> \u2013 ANIMARSE a <b>plantarse en sociedad y reclamar<\/b> <i>c\u00f3mo uno quiere tratar y ser tratado de igual a igual, de forma horizontal, donde la ense\u00f1anza sea mutua (de maestro a aprendiz y de aprendiz a maestro)<\/i>.<\/p>\n<p>A fines de junio, nos anim\u00e1bamos a <a href=\"https:\/\/ploff.net\/ba-163-pensar-en-voz-alta\/\" target=\"_blank\"><span style=\"text-decoration: underline;\">pensar en voz alta<\/span><\/a> y dec\u00edamos: \u201cLa soluci\u00f3n es simple, pero no por eso f\u00e1cil: necesitamos menos giles y m\u00e1s buenas personas. Ac\u00e1 <span style=\"text-decoration: underline;\">no<\/span> es <i>\u201clos ricos tienen la culpa\u201d<\/i>, \u00a1\u00a1NO!!\u00a0 <b>&lt;&lt;\u00a0 EL QUE SE DISOCIA DE SUS ACCIONES TIENE LA CULPA\u00a0 &gt;&gt;<\/b>\u201d \u2013 y entonces, nuestro \u201copuesto\u201d se hace claro: <b>Nos oponemos a aquellas personas que se disocian de sus propias cadenas de causa y efecto dentro del sistema lineal de extracci\u00f3n de recursos naturales, transformaci\u00f3n, distribuci\u00f3n, consumo y posterior desecho. <\/b>Es aquella persona que no tiene ni idea de <i>d\u00f3nde est\u00e1 parada<\/i> dentro de ese sistema, que no sabe qu\u00e9 ocurre <i>antes <\/i>de la g\u00f3ndola<b> <\/b>o <i>despu\u00e9s<\/i> de la bolsa de consorcio\u2026<\/p>\n<p><a href=\"https:\/\/ploff.net\/ba-154-serenidad-ante-caretas\/\" target=\"_blank\"><b>Nos oponemos, inevitablemente, al careta<\/b><\/a><span style=\"font-size: 14px; line-height: 1.5em;\">, y nos exhortamos a quedarnos serenos ante ellos (y no <\/span><i style=\"font-size: 14px; line-height: 1.5em;\">desconarnos<\/i><span style=\"font-size: 14px; line-height: 1.5em;\"> en un griter\u00edo sin sentido). Una persona que se disocia de su cadena de causa y efecto, es una persona que se disocia de la Naturaleza, que se siente superior a ella, diferenciada. Se siente apartada y cree poder ejercer control sobre el planeta sin percibir ning\u00fan cambio en s\u00ed misma. \u00a0<\/span><\/p>\n<p><b style=\"font-size: 14px; line-height: 1.5em;\">Esta oposici\u00f3n no tiene que ver con una diferenciaci\u00f3n de clases sociales<\/b><span style=\"font-size: 14px; line-height: 1.5em;\"> (cualquiera puede carecer de concientizaci\u00f3n ambiental). En este sentido, somos TODOS responsables. Pero, hay que tener cuidado, porque <\/span><b style=\"font-size: 14px; line-height: 1.5em;\">el hecho de que <i>\u201ctodos seamos responsables\u201d<\/i> no quiere decir que el impacto ambiental es igual para todos\u2026<\/b><span style=\"font-size: 14px; line-height: 1.5em;\"> el impacto ambiental S\u00cd difiere de una persona a otra, seg\u00fan cu\u00e1les son sus h\u00e1bitos de consumo. Ergo, el impacto ambiental posee una relaci\u00f3n relativamente proporcional al nivel de ingresos de una persona (a menos que invierta terriblemente bien el dinero). Por lo que estar\u00eda, entonces, pudiendo animarme a decir que, en efecto, <\/span><b style=\"font-size: 14px; line-height: 1.5em;\">el impacto ambiental difiere entre los diferentes escalafones sociales de nuestra sociedad<\/b><span style=\"font-size: 14px; line-height: 1.5em;\">. Tal como se viene pregonando desde 1992, en la convenci\u00f3n internacional de R\u00edo\u2026 <\/span><i style=\"font-size: 14px; line-height: 1.5em;\">\u201cen vista de que han contribuido en distinta medida a la degradaci\u00f3n del medio ambiente mundial, <b>los Estados tienen responsabilidades comunes pero diferenciadas.<\/b>\u201d &#8211; <\/i><span style=\"font-size: 14px; line-height: 1.5em;\">(S\u00e9ptimo Principio de la Declaraci\u00f3n de R\u00edo sobre el Medio Ambiente y el Desarrollo)<\/span><\/p>\n<p><a href=\"https:\/\/ploff.net\/wp-content\/uploads\/2014\/08\/BA-173-Responsabilidades-Compartidas-Pero-diferenciadas.jpg\"><img loading=\"lazy\" decoding=\"async\" class=\"aligncenter size-full wp-image-2971\" src=\"https:\/\/ploff.net\/wp-content\/uploads\/2014\/08\/BA-173-Responsabilidades-Compartidas-Pero-diferenciadas.jpg\" alt=\"BA 173 - Responsabilidades Compartidas Pero diferenciadas\" width=\"960\" height=\"694\" data-wp-pid=\"2971\" srcset=\"https:\/\/ploff.net\/wp-content\/uploads\/2014\/08\/BA-173-Responsabilidades-Compartidas-Pero-diferenciadas.jpg 960w, https:\/\/ploff.net\/wp-content\/uploads\/2014\/08\/BA-173-Responsabilidades-Compartidas-Pero-diferenciadas-300x216.jpg 300w, https:\/\/ploff.net\/wp-content\/uploads\/2014\/08\/BA-173-Responsabilidades-Compartidas-Pero-diferenciadas-67x48.jpg 67w, https:\/\/ploff.net\/wp-content\/uploads\/2014\/08\/BA-173-Responsabilidades-Compartidas-Pero-diferenciadas-800x578.jpg 800w\" sizes=\"auto, (max-width: 960px) 100vw, 960px\" \/><\/a><\/p>\n<p>Pero, <b>\u00bfc\u00f3mo hacemos para no estar disociados de la Naturaleza?<\/b> \u00bfQu\u00e9 necesitamos para poder liberarnos del sistema?<\/p>\n<p>Necesitamos lo que Thoreau viene escribiendo hace m\u00e1s de 150 a\u00f1os\u2026 lo que Enric Duran retom\u00f3 en la Espa\u00f1a actual de \u201clos indignados\u201d para hacerle frente a la crisis: necesitamos <b>DESOBEDIENCIA CIVIL<\/b>. Pero hace falta coraje moral para poder asumirlo\u2026<\/p>\n<p><i>\u201cSi, vaga lejos, toma la vida y conqu\u00edstala, aprende mucho y vive. Tus cadenas se han roto, eres realmente libre. Permanece all\u00ed hasta bien entrada la noche, se imprudente y audaz. (\u2026) No reposes cada noche como lo hacen los del pueblo. La vida noble es continua, no intermitente. Al menos, vive con un radio de acci\u00f3n m\u00e1s largo. (\u2026) No descanses mucho. Abandona la prudencia, el miedo, la conformidad. Recuerda s\u00f3lo lo que prometiste. Has que el d\u00eda te ilumine, y que la noche sostenga tu candelabro, aunque cayeras a la tierra desde el cielo. (\u2026)\u201d <\/i>(Thoreau, en alg\u00fan momento entre 1837\/1846)<\/p>\n<p><i>R e\u00a0 s\u00a0\u00a0 p\u00a0\u00a0 \u00a0i\u00a0 \u00a0\u00a0\u00a0r \u00a0\u00a0\u00a0\u00a0a<\/i><\/p>\n<p>S\u00f3lo cuando hagas algo por vos mismo y para el pr\u00f3jimo, con el fin de cambiar y mejorar el mundo, <i>s\u00f3lo cuando lo hagas<\/i>, vas a poder salirte de los lineamientos sociales pre-establecidos (al darte cuenta de lo que verdaderamente importa) y hacer algo grande. Y ah\u00ed, cuando veo todo el potencial que tiene el ser humano, es cuando me pongo un poco triste, e incluso un poco enojado con la <b>mediocridad<\/b>\u2026 y es que hay tanta, tant\u00edsima gente desperdiciada\u2026 gente con el potencial, con el tiempo, con los recursos, que no hace s e n c i l l a m e n t e\u00a0 n a d a . . .<\/p>\n<p>Como profesionales, debemos tener cuidado\u2026 <b>Excluir lo social y la b\u00fasqueda del bien com\u00fan de la sociedad en la gesti\u00f3n de nuestros recursos naturales, puede llevar a la creaci\u00f3n de seres humanos hechos a medida del sistema en el que vivimos\u2026 Individuos Alienados, listos para analizar desapasionadamente evaluaciones de impacto ambiental, realizar fr\u00edos muestreos y sacar conclusiones sin el riesgo de mostrar su coraz\u00f3n\u2026<\/b><\/p>\n<p>Pero no todo est\u00e1 perdido. Sigamos pensando\u2026<\/p>\n<p><a href=\"https:\/\/ploff.net\/wp-content\/uploads\/2014\/08\/BA-173-MISMAS-CARAS-3.jpg\"><img loading=\"lazy\" decoding=\"async\" class=\"aligncenter size-full wp-image-2969\" src=\"https:\/\/ploff.net\/wp-content\/uploads\/2014\/08\/BA-173-MISMAS-CARAS-3.jpg\" alt=\"BA 173 - MISMAS CARAS 3\" width=\"960\" height=\"720\" data-wp-pid=\"2969\" srcset=\"https:\/\/ploff.net\/wp-content\/uploads\/2014\/08\/BA-173-MISMAS-CARAS-3.jpg 960w, https:\/\/ploff.net\/wp-content\/uploads\/2014\/08\/BA-173-MISMAS-CARAS-3-300x225.jpg 300w, https:\/\/ploff.net\/wp-content\/uploads\/2014\/08\/BA-173-MISMAS-CARAS-3-67x50.jpg 67w, https:\/\/ploff.net\/wp-content\/uploads\/2014\/08\/BA-173-MISMAS-CARAS-3-800x600.jpg 800w\" sizes=\"auto, (max-width: 960px) 100vw, 960px\" \/><\/a><\/p>\n<p>El <span style=\"text-decoration: underline;\">PRINCIPIO DE TOTALIDAD<\/span> hace referencia al contexto social que abraza al movimiento social, que en nuestro caso es simplemente, el ambientalismo\u2026 y no un simple \u201cambientalismo\u201d, sino realmente CAMBIAR EL MUNDO. Porque actualmente estamos viviendo de prestado\u2026 el pasado 19 de agosto fue declarado por la Fundaci\u00f3n Vida Silvestre como el \u201cD\u00eda de la Sobrecapacidad de la Tierra en el 2014\u201d ya que, literalmente, agotamos los recursos naturales que pod\u00edamos usar en un a\u00f1o\u2026 pero, seguimos extrayendo\u2026 y s\u00f3lo porque estamos literalmente <a href=\"https:\/\/www.youtube.com\/watch?v=6Xanm1XzNvA#t=35\" target=\"_blank\">VIVIENDO DE PRESTADO DEL FUTURO<\/a>, agotando de antemano nuestras reservas de los pr\u00f3ximos a\u00f1os\u2026 es que podemos seguir sosteniendo el sistema que nos deshumaniza.<\/p>\n<p><span style=\"font-size: 14px; line-height: 1.5em;\">As\u00ed, vamos quebrando nuestros ecosistemas, y realizando cambios gigantes que no pueden repararse con dinero. Un suelo tarda cientos de a\u00f1os en ir desarroll\u00e1ndose, y nosotros podemos echarlo todo a perder con un simple arado. Como dice una apasionada de la naturaleza, <\/span><i style=\"font-size: 14px; line-height: 1.5em;\">la \u201cfertilidad qu\u00edmica\u201d puede comprarse, si nos falta nitr\u00f3geno, f\u00f3sforo, o lo que sea, podemos agregarlo\u2026 pero no podemos comprar \u201cfertilidad f\u00edsica\u201d, porque no podemos ir a un almac\u00e9n y pedir un kilogramo de poros\u2026<\/i><\/p>\n<p>Entonces, recapitulando\u2026 \u00bfexisten, en nuestra ciudad, a nivel local, movimientos sociales, quiz\u00e1s peque\u00f1os (qu\u00e9 importa), que se sientan identificados con el ambientalismo y la protecci\u00f3n de la Naturaleza, y puedan, por ende, formar un \u00fanico tejido social multidisciplinario, un \u00fanico movimiento social ambientalista?<\/p>\n<p>LA CUESTI\u00d3N ES QUE S\u00cd, <b><i>\u00a1EXISTEN! <\/i>Y <a href=\"https:\/\/ploff.net\/ba-167-sociorealidademergente\/\" target=\"_blank\"><span style=\"text-decoration: underline;\">son los mismos actores sociales de aquella <i>SOCIO-REALIDAD-EMERGENTE<\/i><\/span><\/a><\/b><a href=\"https:\/\/ploff.net\/ba-167-sociorealidademergente\/\" target=\"_blank\"><span style=\"text-decoration: underline;\">, que venimos definiendo hace un mes o dos o tres atr\u00e1s<\/span><\/a>. Los mismos y muchos m\u00e1s, que nos hemos encontrado en el <b>Taller de Concientizaci\u00f3n Ambiental<\/b> que a\u00fan contin\u00faa en los pr\u00f3ximos mi\u00e9rcoles 3, 10 y 24 de septiembre en la Facultad de Ciencias Humanas de la UNLPam a las 19:00 hrs. \u2013 y absolutamente toda la comunidad est\u00e1 invitada\u2026 <b>Porque nos hemos dado cuenta de que TODOS formamos parte de este nuevo movimiento social emergente, pac\u00edfico, revolucionario, que pretende tener como prioridad la evoluci\u00f3n del ser humano en sociedad, pero en simbiosis con el resto del planeta.<\/b><\/p>\n<p><span style=\"font-size: 14px; line-height: 1.5em;\">Ser\u00e1 hasta la semana que viene,<\/span><\/p>\n<p>Brian Longstaff.-<\/p>\n<p>Pd. Si bien el Taller de Concientizaci\u00f3n Ambiental fue un trabajo en equipo de varios actores sociales, hay que felicitar a Lourdes Alvarez por haber tenido la \u00b4primera corazonada de que la ciudad necesitaba esto y tirar el Taller sobre la mesa de facultades diferentes. Pero adem\u00e1s, quisiera agradecer y felicitar a <b>Ezequiel Benvenuto Manarin<\/b>, por su eterno coraje y responsabilidad social permanente para con esta ciudad y el resto del mundo. Al \u201cMascherano del Medio Ambiente\u201d <i>-como escuch\u00e9 decir en alg\u00fan pasillo-<\/i> la Tierra\u2026 te saluda.<\/p>\n<p><a href=\"https:\/\/ploff.net\/wp-content\/uploads\/2014\/08\/BA-173-EZEQUIEL-BENVENUTO-COLLAGE-REDUCIDO.jpg\"><img loading=\"lazy\" decoding=\"async\" class=\"aligncenter size-full wp-image-2966\" src=\"https:\/\/ploff.net\/wp-content\/uploads\/2014\/08\/BA-173-EZEQUIEL-BENVENUTO-COLLAGE-REDUCIDO.jpg\" alt=\"BA 173 - EZEQUIEL BENVENUTO COLLAGE REDUCIDO\" width=\"525\" height=\"729\" data-wp-pid=\"2966\" srcset=\"https:\/\/ploff.net\/wp-content\/uploads\/2014\/08\/BA-173-EZEQUIEL-BENVENUTO-COLLAGE-REDUCIDO.jpg 525w, https:\/\/ploff.net\/wp-content\/uploads\/2014\/08\/BA-173-EZEQUIEL-BENVENUTO-COLLAGE-REDUCIDO-216x300.jpg 216w, https:\/\/ploff.net\/wp-content\/uploads\/2014\/08\/BA-173-EZEQUIEL-BENVENUTO-COLLAGE-REDUCIDO-37x52.jpg 37w\" sizes=\"auto, (max-width: 525px) 100vw, 525px\" \/><\/a><\/p>\n<p>Santa Rosa, ya est\u00e1 despierta\u2026<\/p>\n<p><a href=\"https:\/\/ploff.net\/wp-content\/uploads\/2014\/08\/BA-173-AWAKEN.jpg\"><img loading=\"lazy\" decoding=\"async\" class=\"aligncenter size-full wp-image-2964\" src=\"https:\/\/ploff.net\/wp-content\/uploads\/2014\/08\/BA-173-AWAKEN.jpg\" alt=\"BA 173 -  AWAKEN\" width=\"500\" height=\"673\" data-wp-pid=\"2964\" srcset=\"https:\/\/ploff.net\/wp-content\/uploads\/2014\/08\/BA-173-AWAKEN.jpg 500w, https:\/\/ploff.net\/wp-content\/uploads\/2014\/08\/BA-173-AWAKEN-222x300.jpg 222w, https:\/\/ploff.net\/wp-content\/uploads\/2014\/08\/BA-173-AWAKEN-38x52.jpg 38w\" sizes=\"auto, (max-width: 500px) 100vw, 500px\" \/><\/a><\/p>\n<p><span style=\"text-decoration: underline;\">\u00a0<\/span><\/p>\n<p><span style=\"text-decoration: underline;\">Bibliograf\u00eda<\/span><\/p>\n<ul>\n<li>Alain Touraine. Teoria de los Movimientos Sociales. \u2013 Visto en la Tesina para obtener el t\u00edtulo de Licenciado en Pol\u00edtica de Maria Ieve Orozco Casta\u00f1eda \u2013 Fuente: <a href=\"http:\/\/148.206.53.84\/tesiuami\/UAM1484.pdf\" target=\"_blank\"><span style=\"text-decoration: underline;\">Click Aqu\u00ed<\/span><\/a>.<\/li>\n<li>Henry David Thoreau. Diario de Walden. Notas en la Laguna. Editorial Barba de Abejas. 2013<\/li>\n<li>Carlos Castaneda. \u201cRelatos de Poder\u201d (1974). Editorial Fondo de Cultura Econ\u00f3mica, Buenos Aires, 2009. <b><\/b><\/li>\n<\/ul>\n<p><b>\u00a0<\/b><\/p>\n<p>Lo que NO DEJA DE SORPRENDERME\u2026 es que durante muchos a\u00f1os le\u00ed a Castaneda a sabiendas de su relaci\u00f3n con el chamanismo, y \u00e9ste a su vez, con su simbiosis con la Naturaleza. Siempre se menciona a los seres humanos como \u201c<b>seres de luz<\/b>\u201d hechos incluso de fibras luminosas manifestadas\u2026 ENERG\u00cdA PURA\u2026 siempre lo le\u00eda por alto. Sab\u00eda, intu\u00eda que esto era as\u00ed\u2026 pero nunca lo hab\u00eda SENTIDO en carne propia (a la energ\u00eda misma).<\/p>\n<p><span style=\"font-size: 14px; line-height: 1.5em;\">Si bien he llegado a estados meditativos ordinarios y extraordinarios, jam\u00e1s lo hab\u00eda sentido tan fuertemente como lo hice en la \u00faltima <\/span><b style=\"font-size: 14px; line-height: 1.5em;\">MARAT\u00d3N DE REIKI<\/b><span style=\"font-size: 14px; line-height: 1.5em;\"> que se llev\u00f3 a cabo en la Ciudad de Toay en agosto\u2026 all\u00ed me comentaron que esto lo hacen todos los meses, gratis, en diferentes lugares de la provincia, seg\u00fan c\u00f3mo puedan organizarse con la log\u00edstica\u2026 El pr\u00f3ximo DOMINGO 28 de SEPTIEMBRE, se llevar\u00e1 a cabo una nueva marat\u00f3n en el sal\u00f3n de usos m\u00faltiples del Barrio Plan 5 Mil, en las calles Bertera y Falasca, de 15:00 a 18:00 hrs. \u2013 all\u00ed pueden llevar alimentos no perecederos para diversos desayunadores y merenderos de la zona, y disfrutar de diferentes formas de percibir la energ\u00eda: Reiki, AyCU, Tai Chi, Ireca, Yoga y Mandalas.<\/span><\/p>\n<p>Fotos: Las primeas dos fueron tomadas por <b>Jorgelina Super\u00ed<\/b>. El comic, es sacado de Google; la \u00faltima foto de todas, me la pas\u00f3 <b>Federico Tana<\/b>. Las dem\u00e1s fotograf\u00edas son de <b>Pablo Gette<\/b>. (el collage es un compilado!)<\/p>\n","protected":false},"excerpt":{"rendered":"<p>\u00bfUn Movimiento Social Ambientalista en Santa Rosa? \u201cTienes que creerlo. Digamos que sin esa creencia no tienes nada.\u201d (Castaneda, 1974) Y al fin lleg\u00f3 el d\u00eda en el que podemos hablar sobre esto&#8230; de la posibilidad de salirnos de nuestra estructura, e intentar cambiar la realidad. No es tan estrictamente dif\u00edcil\u2026 Una ciudad intermedia como [&hellip;]<\/p>\n","protected":false},"author":2,"featured_media":2964,"comment_status":"open","ping_status":"open","sticky":false,"template":"","format":"standard","meta":{"_monsterinsights_skip_tracking":false,"_monsterinsights_sitenote_active":false,"_monsterinsights_sitenote_note":"","_monsterinsights_sitenote_category":0,"footnotes":""},"categories":[2],"tags":[789,781,543,782,785,574,787,790,788,392,786],"class_list":["post-2974","post","type-post","status-publish","format-standard","has-post-thumbnail","hentry","category-boletin","tag-alain-touraine","tag-alan-minig","tag-carlos-castaneda","tag-ezequiel-benvenuto","tag-ezequiel-benvenuto-manarin","tag-henry-david-thoreau","tag-movimiento-social","tag-movimiento-social-ambientalista","tag-movimientos-sociales","tag-santa-rosa","tag-taller-de-concientizacion"],"yoast_head":"<!-- This site is optimized with the Yoast SEO plugin v24.3 - https:\/\/yoast.com\/wordpress\/plugins\/seo\/ -->\n<title>(Espa\u00f1ol) BA 173 - Movimiento Social Ambientalista en Santa Rosa, La Pampa. - Ploff.net<\/title>\n<meta name=\"robots\" content=\"index, follow, max-snippet:-1, max-image-preview:large, max-video-preview:-1\" \/>\n<link rel=\"canonical\" href=\"https:\/\/ploff.net\/ba-173-movimiento-social-ambientalista-en-santa-rosa-la-pampa\/\" \/>\n<meta property=\"og:locale\" content=\"en_US\" \/>\n<meta property=\"og:type\" content=\"article\" \/>\n<meta property=\"og:title\" content=\"(Espa\u00f1ol) BA 173 - Movimiento Social Ambientalista en Santa Rosa, La Pampa. - Ploff.net\" \/>\n<meta property=\"og:description\" content=\"\u00bfUn Movimiento Social Ambientalista en Santa Rosa? \u201cTienes que creerlo. Digamos que sin esa creencia no tienes nada.\u201d (Castaneda, 1974) Y al fin lleg\u00f3 el d\u00eda en el que podemos hablar sobre esto&#8230; de la posibilidad de salirnos de nuestra estructura, e intentar cambiar la realidad. No es tan estrictamente dif\u00edcil\u2026 Una ciudad intermedia como [&hellip;]\" \/>\n<meta property=\"og:url\" content=\"https:\/\/ploff.net\/ba-173-movimiento-social-ambientalista-en-santa-rosa-la-pampa\/\" \/>\n<meta property=\"og:site_name\" content=\"Ploff.net\" \/>\n<meta property=\"article:publisher\" content=\"https:\/\/www.facebook.com\/ploffnet\/\" \/>\n<meta property=\"article:published_time\" content=\"2014-09-01T01:48:09+00:00\" \/>\n<meta property=\"article:modified_time\" content=\"2015-05-10T14:58:20+00:00\" \/>\n<meta property=\"og:image\" content=\"https:\/\/ploff.net\/wp-content\/uploads\/2014\/08\/BA-173-AWAKEN.jpg\" \/>\n\t<meta property=\"og:image:width\" content=\"500\" \/>\n\t<meta property=\"og:image:height\" content=\"673\" \/>\n\t<meta property=\"og:image:type\" content=\"image\/jpeg\" \/>\n<meta name=\"author\" content=\"Brian Longstaff\" \/>\n<meta name=\"twitter:card\" content=\"summary_large_image\" \/>\n<meta name=\"twitter:label1\" content=\"Written by\" \/>\n\t<meta name=\"twitter:data1\" content=\"Brian Longstaff\" \/>\n\t<meta name=\"twitter:label2\" content=\"Est. reading time\" \/>\n\t<meta name=\"twitter:data2\" content=\"13 minutes\" \/>\n<script type=\"application\/ld+json\" class=\"yoast-schema-graph\">{\"@context\":\"https:\/\/schema.org\",\"@graph\":[{\"@type\":\"Article\",\"@id\":\"https:\/\/ploff.net\/ba-173-movimiento-social-ambientalista-en-santa-rosa-la-pampa\/#article\",\"isPartOf\":{\"@id\":\"https:\/\/ploff.net\/ba-173-movimiento-social-ambientalista-en-santa-rosa-la-pampa\/\"},\"author\":{\"name\":\"Brian Longstaff\",\"@id\":\"https:\/\/ploff.net\/#\/schema\/person\/50f4145b8c3f93374cec32f352d4244a\"},\"headline\":\"(Espa\u00f1ol) BA 173 &#8211; Movimiento Social Ambientalista en Santa Rosa, La Pampa.\",\"datePublished\":\"2014-09-01T01:48:09+00:00\",\"dateModified\":\"2015-05-10T14:58:20+00:00\",\"mainEntityOfPage\":{\"@id\":\"https:\/\/ploff.net\/ba-173-movimiento-social-ambientalista-en-santa-rosa-la-pampa\/\"},\"wordCount\":2666,\"commentCount\":6,\"publisher\":{\"@id\":\"https:\/\/ploff.net\/#organization\"},\"image\":{\"@id\":\"https:\/\/ploff.net\/ba-173-movimiento-social-ambientalista-en-santa-rosa-la-pampa\/#primaryimage\"},\"thumbnailUrl\":\"https:\/\/ploff.net\/wp-content\/uploads\/2014\/08\/BA-173-AWAKEN.jpg\",\"keywords\":[\"Alain Touraine\",\"Alan Minig\",\"Carlos Castaneda\",\"Ezequiel Benvenuto\",\"Ezequiel Benvenuto Manarin\",\"Henry David Thoreau\",\"Movimiento Social\",\"Movimiento Social Ambientalista\",\"Movimientos Sociales\",\"santa rosa\",\"Taller de Concientizaci\u00f3n\"],\"articleSection\":[\"Boletin\"],\"inLanguage\":\"en-US\",\"potentialAction\":[{\"@type\":\"CommentAction\",\"name\":\"Comment\",\"target\":[\"https:\/\/ploff.net\/ba-173-movimiento-social-ambientalista-en-santa-rosa-la-pampa\/#respond\"]}]},{\"@type\":\"WebPage\",\"@id\":\"https:\/\/ploff.net\/ba-173-movimiento-social-ambientalista-en-santa-rosa-la-pampa\/\",\"url\":\"https:\/\/ploff.net\/ba-173-movimiento-social-ambientalista-en-santa-rosa-la-pampa\/\",\"name\":\"(Espa\u00f1ol) BA 173 - Movimiento Social Ambientalista en Santa Rosa, La Pampa. - Ploff.net\",\"isPartOf\":{\"@id\":\"https:\/\/ploff.net\/#website\"},\"primaryImageOfPage\":{\"@id\":\"https:\/\/ploff.net\/ba-173-movimiento-social-ambientalista-en-santa-rosa-la-pampa\/#primaryimage\"},\"image\":{\"@id\":\"https:\/\/ploff.net\/ba-173-movimiento-social-ambientalista-en-santa-rosa-la-pampa\/#primaryimage\"},\"thumbnailUrl\":\"https:\/\/ploff.net\/wp-content\/uploads\/2014\/08\/BA-173-AWAKEN.jpg\",\"datePublished\":\"2014-09-01T01:48:09+00:00\",\"dateModified\":\"2015-05-10T14:58:20+00:00\",\"breadcrumb\":{\"@id\":\"https:\/\/ploff.net\/ba-173-movimiento-social-ambientalista-en-santa-rosa-la-pampa\/#breadcrumb\"},\"inLanguage\":\"en-US\",\"potentialAction\":[{\"@type\":\"ReadAction\",\"target\":[\"https:\/\/ploff.net\/ba-173-movimiento-social-ambientalista-en-santa-rosa-la-pampa\/\"]}]},{\"@type\":\"ImageObject\",\"inLanguage\":\"en-US\",\"@id\":\"https:\/\/ploff.net\/ba-173-movimiento-social-ambientalista-en-santa-rosa-la-pampa\/#primaryimage\",\"url\":\"https:\/\/ploff.net\/wp-content\/uploads\/2014\/08\/BA-173-AWAKEN.jpg\",\"contentUrl\":\"https:\/\/ploff.net\/wp-content\/uploads\/2014\/08\/BA-173-AWAKEN.jpg\",\"width\":500,\"height\":673},{\"@type\":\"BreadcrumbList\",\"@id\":\"https:\/\/ploff.net\/ba-173-movimiento-social-ambientalista-en-santa-rosa-la-pampa\/#breadcrumb\",\"itemListElement\":[{\"@type\":\"ListItem\",\"position\":1,\"name\":\"Portada\",\"item\":\"https:\/\/ploff.net\/\"},{\"@type\":\"ListItem\",\"position\":2,\"name\":\"BA 173 &#8211; Movimiento Social Ambientalista en Santa Rosa, La Pampa.\"}]},{\"@type\":\"WebSite\",\"@id\":\"https:\/\/ploff.net\/#website\",\"url\":\"https:\/\/ploff.net\/\",\"name\":\"Ploff.net - Amor, Paz, Unidad y Amistad\",\"description\":\"Love, Peace, Unity, Friendship.\",\"publisher\":{\"@id\":\"https:\/\/ploff.net\/#organization\"},\"potentialAction\":[{\"@type\":\"SearchAction\",\"target\":{\"@type\":\"EntryPoint\",\"urlTemplate\":\"https:\/\/ploff.net\/?s={search_term_string}\"},\"query-input\":{\"@type\":\"PropertyValueSpecification\",\"valueRequired\":true,\"valueName\":\"search_term_string\"}}],\"inLanguage\":\"en-US\"},{\"@type\":\"Organization\",\"@id\":\"https:\/\/ploff.net\/#organization\",\"name\":\"Ploff\",\"url\":\"https:\/\/ploff.net\/\",\"logo\":{\"@type\":\"ImageObject\",\"inLanguage\":\"en-US\",\"@id\":\"https:\/\/ploff.net\/#\/schema\/logo\/image\/\",\"url\":\"https:\/\/ploff.net\/wp-content\/uploads\/2020\/04\/ploff-logo.jpg\",\"contentUrl\":\"https:\/\/ploff.net\/wp-content\/uploads\/2020\/04\/ploff-logo.jpg\",\"width\":180,\"height\":180,\"caption\":\"Ploff\"},\"image\":{\"@id\":\"https:\/\/ploff.net\/#\/schema\/logo\/image\/\"},\"sameAs\":[\"https:\/\/www.facebook.com\/ploffnet\/\",\"https:\/\/www.youtube.com\/user\/Ploffnet\"]},{\"@type\":\"Person\",\"@id\":\"https:\/\/ploff.net\/#\/schema\/person\/50f4145b8c3f93374cec32f352d4244a\",\"name\":\"Brian Longstaff\",\"image\":{\"@type\":\"ImageObject\",\"inLanguage\":\"en-US\",\"@id\":\"https:\/\/ploff.net\/#\/schema\/person\/image\/\",\"url\":\"https:\/\/secure.gravatar.com\/avatar\/6e54b28b52182bb68ba2cc9bc60c83c6?s=96&d=mm&r=g\",\"contentUrl\":\"https:\/\/secure.gravatar.com\/avatar\/6e54b28b52182bb68ba2cc9bc60c83c6?s=96&d=mm&r=g\",\"caption\":\"Brian Longstaff\"},\"url\":\"https:\/\/ploff.net\/en\/author\/brian\/\"}]}<\/script>\n<!-- \/ Yoast SEO plugin. -->","yoast_head_json":{"title":"(Espa\u00f1ol) BA 173 - Movimiento Social Ambientalista en Santa Rosa, La Pampa. - Ploff.net","robots":{"index":"index","follow":"follow","max-snippet":"max-snippet:-1","max-image-preview":"max-image-preview:large","max-video-preview":"max-video-preview:-1"},"canonical":"https:\/\/ploff.net\/ba-173-movimiento-social-ambientalista-en-santa-rosa-la-pampa\/","og_locale":"en_US","og_type":"article","og_title":"(Espa\u00f1ol) BA 173 - Movimiento Social Ambientalista en Santa Rosa, La Pampa. - Ploff.net","og_description":"\u00bfUn Movimiento Social Ambientalista en Santa Rosa? \u201cTienes que creerlo. Digamos que sin esa creencia no tienes nada.\u201d (Castaneda, 1974) Y al fin lleg\u00f3 el d\u00eda en el que podemos hablar sobre esto&#8230; de la posibilidad de salirnos de nuestra estructura, e intentar cambiar la realidad. No es tan estrictamente dif\u00edcil\u2026 Una ciudad intermedia como [&hellip;]","og_url":"https:\/\/ploff.net\/ba-173-movimiento-social-ambientalista-en-santa-rosa-la-pampa\/","og_site_name":"Ploff.net","article_publisher":"https:\/\/www.facebook.com\/ploffnet\/","article_published_time":"2014-09-01T01:48:09+00:00","article_modified_time":"2015-05-10T14:58:20+00:00","og_image":[{"width":500,"height":673,"url":"https:\/\/ploff.net\/wp-content\/uploads\/2014\/08\/BA-173-AWAKEN.jpg","type":"image\/jpeg"}],"author":"Brian Longstaff","twitter_card":"summary_large_image","twitter_misc":{"Written by":"Brian Longstaff","Est. reading time":"13 minutes"},"schema":{"@context":"https:\/\/schema.org","@graph":[{"@type":"Article","@id":"https:\/\/ploff.net\/ba-173-movimiento-social-ambientalista-en-santa-rosa-la-pampa\/#article","isPartOf":{"@id":"https:\/\/ploff.net\/ba-173-movimiento-social-ambientalista-en-santa-rosa-la-pampa\/"},"author":{"name":"Brian Longstaff","@id":"https:\/\/ploff.net\/#\/schema\/person\/50f4145b8c3f93374cec32f352d4244a"},"headline":"(Espa\u00f1ol) BA 173 &#8211; Movimiento Social Ambientalista en Santa Rosa, La Pampa.","datePublished":"2014-09-01T01:48:09+00:00","dateModified":"2015-05-10T14:58:20+00:00","mainEntityOfPage":{"@id":"https:\/\/ploff.net\/ba-173-movimiento-social-ambientalista-en-santa-rosa-la-pampa\/"},"wordCount":2666,"commentCount":6,"publisher":{"@id":"https:\/\/ploff.net\/#organization"},"image":{"@id":"https:\/\/ploff.net\/ba-173-movimiento-social-ambientalista-en-santa-rosa-la-pampa\/#primaryimage"},"thumbnailUrl":"https:\/\/ploff.net\/wp-content\/uploads\/2014\/08\/BA-173-AWAKEN.jpg","keywords":["Alain Touraine","Alan Minig","Carlos Castaneda","Ezequiel Benvenuto","Ezequiel Benvenuto Manarin","Henry David Thoreau","Movimiento Social","Movimiento Social Ambientalista","Movimientos Sociales","santa rosa","Taller de Concientizaci\u00f3n"],"articleSection":["Boletin"],"inLanguage":"en-US","potentialAction":[{"@type":"CommentAction","name":"Comment","target":["https:\/\/ploff.net\/ba-173-movimiento-social-ambientalista-en-santa-rosa-la-pampa\/#respond"]}]},{"@type":"WebPage","@id":"https:\/\/ploff.net\/ba-173-movimiento-social-ambientalista-en-santa-rosa-la-pampa\/","url":"https:\/\/ploff.net\/ba-173-movimiento-social-ambientalista-en-santa-rosa-la-pampa\/","name":"(Espa\u00f1ol) BA 173 - Movimiento Social Ambientalista en Santa Rosa, La Pampa. - Ploff.net","isPartOf":{"@id":"https:\/\/ploff.net\/#website"},"primaryImageOfPage":{"@id":"https:\/\/ploff.net\/ba-173-movimiento-social-ambientalista-en-santa-rosa-la-pampa\/#primaryimage"},"image":{"@id":"https:\/\/ploff.net\/ba-173-movimiento-social-ambientalista-en-santa-rosa-la-pampa\/#primaryimage"},"thumbnailUrl":"https:\/\/ploff.net\/wp-content\/uploads\/2014\/08\/BA-173-AWAKEN.jpg","datePublished":"2014-09-01T01:48:09+00:00","dateModified":"2015-05-10T14:58:20+00:00","breadcrumb":{"@id":"https:\/\/ploff.net\/ba-173-movimiento-social-ambientalista-en-santa-rosa-la-pampa\/#breadcrumb"},"inLanguage":"en-US","potentialAction":[{"@type":"ReadAction","target":["https:\/\/ploff.net\/ba-173-movimiento-social-ambientalista-en-santa-rosa-la-pampa\/"]}]},{"@type":"ImageObject","inLanguage":"en-US","@id":"https:\/\/ploff.net\/ba-173-movimiento-social-ambientalista-en-santa-rosa-la-pampa\/#primaryimage","url":"https:\/\/ploff.net\/wp-content\/uploads\/2014\/08\/BA-173-AWAKEN.jpg","contentUrl":"https:\/\/ploff.net\/wp-content\/uploads\/2014\/08\/BA-173-AWAKEN.jpg","width":500,"height":673},{"@type":"BreadcrumbList","@id":"https:\/\/ploff.net\/ba-173-movimiento-social-ambientalista-en-santa-rosa-la-pampa\/#breadcrumb","itemListElement":[{"@type":"ListItem","position":1,"name":"Portada","item":"https:\/\/ploff.net\/"},{"@type":"ListItem","position":2,"name":"BA 173 &#8211; Movimiento Social Ambientalista en Santa Rosa, La Pampa."}]},{"@type":"WebSite","@id":"https:\/\/ploff.net\/#website","url":"https:\/\/ploff.net\/","name":"Ploff.net - Amor, Paz, Unidad y Amistad","description":"Love, Peace, Unity, Friendship.","publisher":{"@id":"https:\/\/ploff.net\/#organization"},"potentialAction":[{"@type":"SearchAction","target":{"@type":"EntryPoint","urlTemplate":"https:\/\/ploff.net\/?s={search_term_string}"},"query-input":{"@type":"PropertyValueSpecification","valueRequired":true,"valueName":"search_term_string"}}],"inLanguage":"en-US"},{"@type":"Organization","@id":"https:\/\/ploff.net\/#organization","name":"Ploff","url":"https:\/\/ploff.net\/","logo":{"@type":"ImageObject","inLanguage":"en-US","@id":"https:\/\/ploff.net\/#\/schema\/logo\/image\/","url":"https:\/\/ploff.net\/wp-content\/uploads\/2020\/04\/ploff-logo.jpg","contentUrl":"https:\/\/ploff.net\/wp-content\/uploads\/2020\/04\/ploff-logo.jpg","width":180,"height":180,"caption":"Ploff"},"image":{"@id":"https:\/\/ploff.net\/#\/schema\/logo\/image\/"},"sameAs":["https:\/\/www.facebook.com\/ploffnet\/","https:\/\/www.youtube.com\/user\/Ploffnet"]},{"@type":"Person","@id":"https:\/\/ploff.net\/#\/schema\/person\/50f4145b8c3f93374cec32f352d4244a","name":"Brian Longstaff","image":{"@type":"ImageObject","inLanguage":"en-US","@id":"https:\/\/ploff.net\/#\/schema\/person\/image\/","url":"https:\/\/secure.gravatar.com\/avatar\/6e54b28b52182bb68ba2cc9bc60c83c6?s=96&d=mm&r=g","contentUrl":"https:\/\/secure.gravatar.com\/avatar\/6e54b28b52182bb68ba2cc9bc60c83c6?s=96&d=mm&r=g","caption":"Brian Longstaff"},"url":"https:\/\/ploff.net\/en\/author\/brian\/"}]}},"_links":{"self":[{"href":"https:\/\/ploff.net\/en\/wp-json\/wp\/v2\/posts\/2974","targetHints":{"allow":["GET"]}}],"collection":[{"href":"https:\/\/ploff.net\/en\/wp-json\/wp\/v2\/posts"}],"about":[{"href":"https:\/\/ploff.net\/en\/wp-json\/wp\/v2\/types\/post"}],"author":[{"embeddable":true,"href":"https:\/\/ploff.net\/en\/wp-json\/wp\/v2\/users\/2"}],"replies":[{"embeddable":true,"href":"https:\/\/ploff.net\/en\/wp-json\/wp\/v2\/comments?post=2974"}],"version-history":[{"count":3,"href":"https:\/\/ploff.net\/en\/wp-json\/wp\/v2\/posts\/2974\/revisions"}],"predecessor-version":[{"id":3389,"href":"https:\/\/ploff.net\/en\/wp-json\/wp\/v2\/posts\/2974\/revisions\/3389"}],"wp:featuredmedia":[{"embeddable":true,"href":"https:\/\/ploff.net\/en\/wp-json\/wp\/v2\/media\/2964"}],"wp:attachment":[{"href":"https:\/\/ploff.net\/en\/wp-json\/wp\/v2\/media?parent=2974"}],"wp:term":[{"taxonomy":"category","embeddable":true,"href":"https:\/\/ploff.net\/en\/wp-json\/wp\/v2\/categories?post=2974"},{"taxonomy":"post_tag","embeddable":true,"href":"https:\/\/ploff.net\/en\/wp-json\/wp\/v2\/tags?post=2974"}],"curies":[{"name":"wp","href":"https:\/\/api.w.org\/{rel}","templated":true}]}}