{"id":3581,"date":"2015-10-10T22:25:19","date_gmt":"2015-10-11T01:25:19","guid":{"rendered":"https:\/\/ploff.net\/?p=3581"},"modified":"2015-10-10T22:25:19","modified_gmt":"2015-10-11T01:25:19","slug":"ba-216-cartas-desde-el-norte","status":"publish","type":"post","link":"https:\/\/ploff.net\/en\/ba-216-cartas-desde-el-norte\/","title":{"rendered":"BA 216 &#8211; Cartas desde el Norte&#8230;"},"content":{"rendered":"<p><strong><span style=\"text-decoration: underline;\">\u2026de la Laguna de Walden al R\u00edo Rosario. Escritos desde la Ecoaldea Aluna.<\/span><\/strong><\/p>\n<p><span style=\"text-decoration: underline;\">2 de Octubre, 2015 \u2013 <em>Viernes\u2026<\/em><\/span><\/p>\n<p><em>Madrugada<\/em>\u2026 Despiertos desde las 7 am. del d\u00eda anterior, \u00faltimo d\u00eda mezcl\u00e1ndonos entre la urbanidad, tr\u00e1mites y arreglos de \u00faltimo momento fueron demorando nuestra partida hasta bien entrada la noche; la Luna subiendo desde el Este, <em>premonici\u00f3n alunesca<\/em>. Nada importa. Resoluci\u00f3n absoluta. Directos hacia el sue\u00f1o. Todo obst\u00e1culo, <span style=\"text-decoration: underline;\">siempre<\/span>, tomado como una prueba, un desaf\u00edo, una ense\u00f1anza\u2026; <span style=\"text-decoration: underline;\">nunca<\/span> como fracaso o tragedia.<\/p>\n<p>Una vez que llegamos, agotados, descargamos todo y tendimos las carpas. Luego de dos d\u00edas sin dormir (o tres d\u00edas habiendo dormido s\u00f3lo cuatro horas), entr\u00f3 en m\u00ed un poco de desesperaci\u00f3n y sentimientos de baja vibraci\u00f3n. El cuerpo ped\u00eda descanso\u2026 y el \u201cDesapego\u201d estaba a flor de piel, en pleno proceso madurativa. Invit\u00e1ndome al delirio: <em>Ya est\u00e1, ya saltaste al vac\u00edo\u2026 \u00bfy ahora? \u2013 <\/em>El salto al infinito: de saber que la comunicaci\u00f3n es escasa y aquellos a quien amas, est\u00e1n LEJOS en serio. Pero por otro lado, la EXISTENCIA reducida a las habilidades de tres personas en ejercimiento de su absoluta libertad, la sensaci\u00f3n de que disponen de todo el tiempo para crear algo verdaderamente incre\u00edble, el no pagar alquiler, el so\u00f1ar hacer un mundo mejor \u2013<em>detalles<\/em>-, y nunca tan literalmente partiendo desde la Nada.<\/p>\n<p><a href=\"https:\/\/ploff.net\/wp-content\/uploads\/2015\/10\/BA-216-Los-3-mosqueteros.jpg\"><img loading=\"lazy\" decoding=\"async\" class=\"aligncenter size-full wp-image-3576\" src=\"https:\/\/ploff.net\/wp-content\/uploads\/2015\/10\/BA-216-Los-3-mosqueteros.jpg\" alt=\"BA 216 - Los 3 mosqueteros\" width=\"2560\" height=\"1920\" srcset=\"https:\/\/ploff.net\/wp-content\/uploads\/2015\/10\/BA-216-Los-3-mosqueteros.jpg 2560w, https:\/\/ploff.net\/wp-content\/uploads\/2015\/10\/BA-216-Los-3-mosqueteros-300x225.jpg 300w, https:\/\/ploff.net\/wp-content\/uploads\/2015\/10\/BA-216-Los-3-mosqueteros-1024x768.jpg 1024w, https:\/\/ploff.net\/wp-content\/uploads\/2015\/10\/BA-216-Los-3-mosqueteros-67x50.jpg 67w\" sizes=\"auto, (max-width: 2560px) 100vw, 2560px\" \/><\/a><\/p>\n<p><span style=\"text-decoration: underline;\">3 de Octubre, 2015 \u2013 <em>S\u00e1bado\u2026<\/em><\/span><\/p>\n<p>Segundo d\u00eda de Tregua con el terreno y su clima. Segundo d\u00eda de nubes, viento, frescor y sin precipitaciones. Nos permiti\u00f3 laburar sin calor infernal y nos liber\u00f3 de insectos picadores. Nico y Caro partieron nuevamente a la ruta a seguir solucionando menesteres de \u00faltimo momento y yo me doy cuenta que soy el primer ecoaldeano en quedarse s\u00f3lo en la Ecoaldea. Silencio, en efecto, a no ser por cantar a las cuatro direcciones o para saludar a alguna planta o animal (o para respetuosamente agradecer, lleno de sentido, la acci\u00f3n que haces: arrancar un yuyo, espantar hormigas, machetear \u00a0y abrir paso a un camino). Estar solo, a kil\u00f3metros a la redonda, solo con vos mismo y todas tus ma\u00f1as.<\/p>\n<p><a href=\"https:\/\/ploff.net\/wp-content\/uploads\/2015\/10\/BA-216-Quiet.jpg\"><img loading=\"lazy\" decoding=\"async\" class=\"aligncenter size-full wp-image-3579\" src=\"https:\/\/ploff.net\/wp-content\/uploads\/2015\/10\/BA-216-Quiet.jpg\" alt=\"BA 216 - Quiet\" width=\"2560\" height=\"1920\" srcset=\"https:\/\/ploff.net\/wp-content\/uploads\/2015\/10\/BA-216-Quiet.jpg 2560w, https:\/\/ploff.net\/wp-content\/uploads\/2015\/10\/BA-216-Quiet-300x225.jpg 300w, https:\/\/ploff.net\/wp-content\/uploads\/2015\/10\/BA-216-Quiet-1024x768.jpg 1024w, https:\/\/ploff.net\/wp-content\/uploads\/2015\/10\/BA-216-Quiet-67x50.jpg 67w\" sizes=\"auto, (max-width: 2560px) 100vw, 2560px\" \/><\/a><\/p>\n<p>Uno aprende a aquietar la mente para recordar qu\u00e9 es lo que acabas de hacer (visualizando el instante que acaba de pasar) y, ergo, aprende a recordar todo lo que hizo (y nada se le escapa). Aquietar la mente constantemente, o por pura <em>intenci\u00f3n<\/em>, es la libertad en su m\u00e1xima expresi\u00f3n\u2026<\/p>\n<p>Cinco cotorras se posan sobre un arbusto delante de m\u00ed. Dejo los bidones de agua recargada del r\u00edo en el suelo\u2026 puse mis brazos detr\u00e1s de m\u00ed, agarrando mis manos\u2026 imit\u00e9 sus movimientos cortos y mini bruscos de sus cabezas (fren\u00e9ticos o nerviosos), a una lado y vuelta \u2013 de costado y vuelta \u2013 Y luego me puse a imitar su canto, nos hicimos <em>Eco<\/em> un rato, ellas variando el canto y yo imitando, me emocion\u00e9 como el que mira <em>con significado<\/em> su primer amanecer, a conciencia\u2026 y despu\u00e9s\u2026 SILENCIO\u2026 hasta que extend\u00ed mis brazos cual ave y salieron las cinco cotorras volando hacia el norte. \u00bfSe asustaron? \u00bfO decidieron extender sus alas cuando yo lo hac\u00eda? La respuesta no importa cuando la piel de gallina ya se produjo\u2026<\/p>\n<p><a href=\"https:\/\/ploff.net\/wp-content\/uploads\/2015\/10\/BA-216-Amancer.jpg\"><img loading=\"lazy\" decoding=\"async\" class=\"aligncenter size-full wp-image-3571\" src=\"https:\/\/ploff.net\/wp-content\/uploads\/2015\/10\/BA-216-Amancer.jpg\" alt=\"BA 216 - Amancer\" width=\"2560\" height=\"1920\" srcset=\"https:\/\/ploff.net\/wp-content\/uploads\/2015\/10\/BA-216-Amancer.jpg 2560w, https:\/\/ploff.net\/wp-content\/uploads\/2015\/10\/BA-216-Amancer-300x225.jpg 300w, https:\/\/ploff.net\/wp-content\/uploads\/2015\/10\/BA-216-Amancer-1024x768.jpg 1024w, https:\/\/ploff.net\/wp-content\/uploads\/2015\/10\/BA-216-Amancer-67x50.jpg 67w\" sizes=\"auto, (max-width: 2560px) 100vw, 2560px\" \/><\/a><\/p>\n<p><span style=\"text-decoration: underline;\">4 de Octubre, 2015 \u2013<em> Domingo\u2026<\/em><\/span><\/p>\n<p>Hermosa la ma\u00f1ana. De charlas, de <em>brainstorming<\/em>, de planificaci\u00f3n y confecci\u00f3n de una agenda, no para seguirla al pie de la letra y martirizarse con el tiempo, sino para tener un lugar donde parametrizar lo que tenemos que hacer, que es \u2013<em>por cierto-<\/em> mucho.<\/p>\n<p>Luego, TRABAJAR; pero la total redefinici\u00f3n del concepto de Trabajo. Trabajo en el sentido de usar tu cuerpo para lo estrictamente <em>f\u00edsico<\/em>; usar tu mente para darle plena atenci\u00f3n y direcci\u00f3n a ese accionar f\u00edsico; y usar tu esp\u00edritu para convertir a esos dos en un acto meditativo. Trabajo en el sentido de usar todo tu Ser, para hacer algo\u2026 y que ese algo, sea algo creativo (no por novedoso sino por CREAR <em>en s\u00ed<\/em>).<\/p>\n<p>Tercer d\u00eda, y coincidimos en querer CREAR nuestro hogar, tener todo asegurado en un campamento base donde nos de placer andar, silbar, laburar y cantar. Rendirle tributo a la vida, ayudando que esta fluya por el mayor entendimiento que tenemos de ella.<\/p>\n<p>\u201cLa Isla\u201d de Aldous Huxley es el primer libro que leo estando aqu\u00ed; lo leo entre fluorescente <em>in crescendo <\/em>de los verdes de la ma\u00f1ana:<\/p>\n<p><a href=\"https:\/\/ploff.net\/wp-content\/uploads\/2015\/10\/BA-216-Aldous.jpg\"><img loading=\"lazy\" decoding=\"async\" class=\"aligncenter size-full wp-image-3570\" src=\"https:\/\/ploff.net\/wp-content\/uploads\/2015\/10\/BA-216-Aldous.jpg\" alt=\"BA 216 - Aldous\" width=\"2560\" height=\"1920\" srcset=\"https:\/\/ploff.net\/wp-content\/uploads\/2015\/10\/BA-216-Aldous.jpg 2560w, https:\/\/ploff.net\/wp-content\/uploads\/2015\/10\/BA-216-Aldous-300x225.jpg 300w, https:\/\/ploff.net\/wp-content\/uploads\/2015\/10\/BA-216-Aldous-1024x768.jpg 1024w, https:\/\/ploff.net\/wp-content\/uploads\/2015\/10\/BA-216-Aldous-67x50.jpg 67w\" sizes=\"auto, (max-width: 2560px) 100vw, 2560px\" \/><\/a><\/p>\n<p><em>\u201c-Psicolog\u00eda, mendelismo, evoluci\u00f3n: la educaci\u00f3n aqu\u00ed parece demasiado biol\u00f3gica- coment\u00f3 Will.<\/em><\/p>\n<p><em>-Lo <\/em>es<em> \u2013admiti\u00f3 Mr. Menon- No ponemos el acento principal en la f\u00edsica y en la qu\u00edmica, sino en las <strong>ciencias de la vida<\/strong>.<\/em><\/p>\n<p><em>-\u00bfPor cuesti\u00f3n de principio?<\/em><\/p>\n<p><em>-No del todo. Tambi\u00e9n por conveniencia y necesidad econ\u00f3mica. No tenemos el dinero necesario para investigaciones en gran escala en los campos de la f\u00edsica y la qu\u00edmica, y adem\u00e1s no tenemos ninguna necesidad pr\u00e1ctica de ese tipo de investigaciones: no nos hacen falta industrias pesadas que resulten m\u00e1s competitivas, ni armamentos m\u00e1s diab\u00f3licos, en el menor deseo de explorar la cara invisible de la luna. <span style=\"text-decoration: underline;\">Solo la modesta ambici\u00f3n de vivir como seres plenamente humanos, en armon\u00eda con el resto de la vida<\/span> de esta isla, en esta latitud, en este planeta. Podemos tomar los resultados de las investigaciones de ustedes en f\u00edsica y qu\u00edmica, y aplicarlos, si queremos o nos resulta posible, a nuestros propios fines. Entretanto nos dedicamos a la investigaci\u00f3n que promete concedernos m\u00e1s utilidad: las ciencias de la vida y de la mente. (\u2026)<\/em><\/p>\n<p><em>-No podemos hacer nada \u2013dijo Mr. Menon- , aparte de continuar haciendo lo que hacemos y esperar, contra toda esperanza, que el ejemplo de una naci\u00f3n que ha encontrado el camino a ser dichosamente humana pueda ser imitado. (\u2026)<\/em><\/p>\n<p><em>-(\u2026) Primero, lecciones de ecolog\u00eda.<\/em><\/p>\n<p><em>-\u00bfEcolog\u00eda? \u00bfNo es un poco complicado?<\/em><\/p>\n<p><em>-Por eso mismo empezamos por ah\u00ed. Nunca le damos a un ni\u00f1o la probabilidad de imaginar que alguna cosa existe aislada. Le aclaramos desde el principio que <\/em>todo lo viviente es relaci\u00f3n<em>. Les mostramos la relaci\u00f3n en los bosques, en los campos, en los estanques y arroyos, en la aldea y en el campo que la rodea. Se la inculcamos.<\/em><\/p>\n<p><em>-Y perm\u00edtame agregar \u2013dijo la directora- que siempre ense\u00f1amos la ciencia de la relaci\u00f3n en conjunci\u00f3n con la \u00e9tica de la relaci\u00f3n. <strong>Equilibrio, toma y daca, nada de excesos<\/strong>: tal es la regla de la naturaleza y, traducida de los hechos a la moral, <\/em>tiene<em> que ser la regla entre la gente. (\u2026) Trata bien a la naturaleza, y la naturaleza te tratar\u00e1 bien a ti. (\u2026) En la naturaleza no existen Pueblos Elegidos ni Tierras Santas, ni Revelaciones Hist\u00f3ricas \u00danicas. <strong>La moral de la conservaci\u00f3n<\/strong> no concede a nadie una excusa para sentirse superior ni para reclamar privilegios especiales. <\/em>\u201cNo hagas a tu pr\u00f3jimo lo que no quieres que te hagan\u201d<em> rige para nuestra forma de tratar todo tipo de vida en todas partes del mundo. Se nos permitir\u00e1 vivir en este planeta s\u00f3lo mientras tratemos a toda la naturaleza con compasi\u00f3n e inteligencia. <strong>La ECOLOG\u00cdA ELEMENTAL conduce en forma directa al BUDISMO ELEMENTAL<\/strong>.\u201d<\/em><\/p>\n<p>El libro lo describe a la perfecci\u00f3n, en el <strong>ARTE de ser RECEPTIVO<\/strong>, debemos CONTEMPLAR <em>\u201creceptiva y conceptualmente a la vez. (\u2026) Hay que observar el mundo a trav\u00e9s de un enrejado de conceptos proyectados. Luego toma uno la medicina<\/em> moksha [refiri\u00e9ndose a una medicina natural de la isla] <em>y de pronto casi no quedan conceptos. No selecciona para clasificar inmediatamente lo que experimenta; no hace m\u00e1s que absorberlo. Es como ese poema de Wordsworth: <\/em>trae contigo un coraz\u00f3n que mire y reciba.\u201d<\/p>\n<p>El arte de ser perceptivo sirve para el no-arte de ser un mani\u00e1tico compulsivo con, por ejemplo, la agenda confeccionada. No importa tener todo resuelto ya, sino avanzar\u2026 Lo que importa es el trabajo arduo convertido en un digno arte de labor a conciencia plena de lo que estoy haciendo. Laburar, pero plenamente desde el aqu\u00ed y ahora.<\/p>\n<p><a href=\"https:\/\/ploff.net\/wp-content\/uploads\/2015\/10\/BA-216-Manija.jpg\"><img loading=\"lazy\" decoding=\"async\" class=\"aligncenter size-full wp-image-3577\" src=\"https:\/\/ploff.net\/wp-content\/uploads\/2015\/10\/BA-216-Manija.jpg\" alt=\"BA 216 - Manija\" width=\"2048\" height=\"1536\" srcset=\"https:\/\/ploff.net\/wp-content\/uploads\/2015\/10\/BA-216-Manija.jpg 2048w, https:\/\/ploff.net\/wp-content\/uploads\/2015\/10\/BA-216-Manija-300x225.jpg 300w, https:\/\/ploff.net\/wp-content\/uploads\/2015\/10\/BA-216-Manija-1024x768.jpg 1024w, https:\/\/ploff.net\/wp-content\/uploads\/2015\/10\/BA-216-Manija-67x50.jpg 67w\" sizes=\"auto, (max-width: 2048px) 100vw, 2048px\" \/><\/a><\/p>\n<p><span style=\"text-decoration: underline;\">5 de Octubre, 2015 \u2013 <em>Lunes\u2026<\/em><\/span><\/p>\n<p>A la ma\u00f1ana, me pongo receptivo y noto la diferencia entre ayer y hoy en el crecimiento de las flores de las pencas que se agrandan agarrando y succionando el roc\u00edo matinal para sus adentros\u2026 se agrandan, suculentas\u2026 A mi costado, al trote, un gato silvestre gigante y moteado; se detiene para mirarme y perderse luego en el bosque; seguramente tiene cosas m\u00e1s importantes que hacer. Un <em>\u201cTUKU-TUKU-T\u00dak!\u201d<\/em> me trae de vuelta del trance hipn\u00f3tico <em>felinohumano<\/em> y al alzar la vista, justo arriba m\u00edo, un carpintero campestre con aires de alpinista se aferra del techo de un tronco buscando su alimento. A dos ramas a la derecha, una lagartija <em>iguanoide<\/em> tama\u00f1o bate de b\u00e9isbol hace <em>facha<\/em> tendido sobre la corteza.<\/p>\n<p><a href=\"https:\/\/ploff.net\/wp-content\/uploads\/2015\/10\/BA-216-Lizard.jpg\"><img loading=\"lazy\" decoding=\"async\" class=\"aligncenter size-full wp-image-3575\" src=\"https:\/\/ploff.net\/wp-content\/uploads\/2015\/10\/BA-216-Lizard.jpg\" alt=\"BA 216 - Lizard\" width=\"2560\" height=\"1920\" srcset=\"https:\/\/ploff.net\/wp-content\/uploads\/2015\/10\/BA-216-Lizard.jpg 2560w, https:\/\/ploff.net\/wp-content\/uploads\/2015\/10\/BA-216-Lizard-300x225.jpg 300w, https:\/\/ploff.net\/wp-content\/uploads\/2015\/10\/BA-216-Lizard-1024x768.jpg 1024w, https:\/\/ploff.net\/wp-content\/uploads\/2015\/10\/BA-216-Lizard-67x50.jpg 67w\" sizes=\"auto, (max-width: 2560px) 100vw, 2560px\" \/><\/a><\/p>\n<p>Ocurren un mont\u00f3n de cosas, pero FUERA del tiempo lineal, y por ello, imposibles de enumerar en forma no-ca\u00f3tica. Lo forma m\u00e1s f\u00e1cil de percibirlo es olvid\u00e1ndose del tiempo por un momento, dejando el reloj, la birome, la calculadora y la c\u00e1mara de fotos por un rato y <strong>absorbiendo Todo en Uno<\/strong> con todos los SENTIDOS bien despiertos y atentos.<\/p>\n<p>Y entre nosotros, ecoaldeanos\u2026 el ejercimiento de una absoluta paciencia por el accionar del otro y una suave preocupaci\u00f3n por hacer prevalecer la serenidad mental y del esp\u00edritu, del individuo, y del grupo.<\/p>\n<p><span style=\"text-decoration: underline;\">6 de Octubre, 2015 \u2013 <em>Martes\u2026<\/em><\/span><\/p>\n<p>Quinto d\u00eda en el terreno\u2026 y hoy, nos gan\u00f3 el calor\u2026 Hubieron siete horas, de 11 a 18 hrs., de un calor que otrora vez pudo haber sido soportado bajando algunos grados del aire acondicionado de una oficina cualquiera en un laburo cualquiera de la capital federal. Pero ya no\u2026 Hoy, somos arrojados hacia lo extremo y a soportarnos a nosotros mismos\u00a0 atravesando estos calores extremos.<\/p>\n<p>Saber que tan s\u00f3lo es primavera, y no a\u00fan verano, me proyecta hacia un futuro m\u00e1s c\u00e1lido que este y me pregunto \u2013<em>recostado, transpirado y enmoscado<\/em>&#8211; si podr\u00e9 soportarlo. Todos debi\u00e9ramos ser arrojados as\u00ed, de esta manera, hacia los confines de nosotros mismos alguna vez en la vida\u2026 Ser arrojados hacia lo natural, no solo para reconectarnos con la Pacha, sino m\u00e1s fervientemente para ver la Verdad de nosotros mismos. El s\u00edndrome de conocernos a nosotros mismos, pero elevado al cubo.<\/p>\n<p><a href=\"https:\/\/ploff.net\/wp-content\/uploads\/2015\/10\/BA-216-Tapa-Cara.jpg\"><img loading=\"lazy\" decoding=\"async\" class=\"aligncenter size-full wp-image-3580\" src=\"https:\/\/ploff.net\/wp-content\/uploads\/2015\/10\/BA-216-Tapa-Cara.jpg\" alt=\"BA 216 - Tapa Cara\" width=\"2560\" height=\"1920\" srcset=\"https:\/\/ploff.net\/wp-content\/uploads\/2015\/10\/BA-216-Tapa-Cara.jpg 2560w, https:\/\/ploff.net\/wp-content\/uploads\/2015\/10\/BA-216-Tapa-Cara-300x225.jpg 300w, https:\/\/ploff.net\/wp-content\/uploads\/2015\/10\/BA-216-Tapa-Cara-1024x768.jpg 1024w, https:\/\/ploff.net\/wp-content\/uploads\/2015\/10\/BA-216-Tapa-Cara-67x50.jpg 67w\" sizes=\"auto, (max-width: 2560px) 100vw, 2560px\" \/><\/a><\/p>\n<p>Una misma persona, en dos mundos; en uno\u2026 la persona aparta el stress extremo con un bot\u00f3n; en otro\u2026 la persona no tiene otra opci\u00f3n m\u00e1s que confrontar el stress y poner una actitud que le permita al cuerpo entrar en un estado de serena latencia, de homeostasis senti<em>pensante<\/em> paciente\u2026 <strong>o sucumbir<\/strong>. El <strong>YO<\/strong> con el que uno se encuentra aqu\u00ed, es un Yo con el que nunca se hubiese encontrado si no se pon\u00eda en una situaci\u00f3n as\u00ed. Y cabe, pues, preguntarse\u2026 \u00bfqui\u00e9n cre\u00eda que era Yo? \u00bfCu\u00e1l de mis \u201cYoes\u201d quedar\u00e1 en pie?<\/p>\n<p>El Yo quejoso, el pesimista, el banal, el narciso, no tienen combustible para crecer aqu\u00ed. Esos pensamientos quedan en un segundo plano pues la competencia y el caretaje no tienen lugar aqu\u00ed\u2026 la le\u00f1a para el fuego, la comida, el agua, el abrigo y seguir redefiniendo el concepto de labor en este planeta, son menesteres de una prioridad mayor\u2026<\/p>\n<p>Y a falta de repelente efectivos, un sahumado al camping entero con bosta seca de caballo o de vaca. Soluciones caseras a problemas cotidianos. Simple, provisorio, efectivo, y as\u00ed se puede seguir\u2026<\/p>\n<p><a href=\"https:\/\/ploff.net\/wp-content\/uploads\/2015\/10\/BA-216-Quema-Bosta.jpg\"><img loading=\"lazy\" decoding=\"async\" class=\"aligncenter size-full wp-image-3578\" src=\"https:\/\/ploff.net\/wp-content\/uploads\/2015\/10\/BA-216-Quema-Bosta.jpg\" alt=\"BA 216 - Quema Bosta\" width=\"2048\" height=\"1536\" srcset=\"https:\/\/ploff.net\/wp-content\/uploads\/2015\/10\/BA-216-Quema-Bosta.jpg 2048w, https:\/\/ploff.net\/wp-content\/uploads\/2015\/10\/BA-216-Quema-Bosta-300x225.jpg 300w, https:\/\/ploff.net\/wp-content\/uploads\/2015\/10\/BA-216-Quema-Bosta-1024x768.jpg 1024w, https:\/\/ploff.net\/wp-content\/uploads\/2015\/10\/BA-216-Quema-Bosta-67x50.jpg 67w\" sizes=\"auto, (max-width: 2048px) 100vw, 2048px\" \/><\/a><\/p>\n<p><span style=\"text-decoration: underline;\">8 de Octubre, 2015 \u2013 <em>Jueves\u2026<\/em><\/span><\/p>\n<p>Compromiso, Unidad, Paz, Amor, Amistad\u2026 La lenta pero cotidiana simbiosis entre el humano y la naturaleza. Ayer hicimos de todo, el nublado ameritaba.<\/p>\n<p><strong>Entretenimiento <\/strong>\u2013<em>atenci\u00f3n a esto<\/em>&#8211;<strong> es el cultivar la paciencia para ralentizar el tiempo y captar y disfrutar cada detalla de realidad que est\u00e1 siendo embebida en tu conciencia. El ir cultivando el placer por la actividad <\/strong>(sin esperar ansioso a terminar y tacharla de una lista)<strong> se convierte en un verdadero acto meditativo al ir templando tu serenidad<\/strong>. Y rodearse de Naturaleza (a prop\u00f3sito) facilita en todo sentido el poder llegar a concentrarte lo suficiente como para adquirir esta serenidad o estado puro mental. De repente, mirar\u2026 un colibr\u00ed se acerca a zumbar, pasa por todas las flores del pal\u00e1n-pal\u00e1n (les juro que no le falto NI UNA flor de ella) y se zambulle al monte otra vez ri\u00e9ndose de las tres dimensiones.<\/p>\n<p><span style=\"text-decoration: underline;\">9 de Octubre, 2015 \u2013 <em>Viernes\u2026<\/em><\/span><\/p>\n<p>Romper un termo y se te llena (la mente) de preguntas\u2026<\/p>\n<p>La mente encuentra cualquier excusa para desviarte de tu serenidad o tu accionar consciente. Estar ac\u00e1, (parcialmente incomunicado y lejos de todo) es un desaf\u00edo gigante\u2026 y es el mayor desaf\u00edo al que hubiese podido aspirar.<\/p>\n<p>Pero tengo que confiar en el largo plazo, para no enloquecer de a poco y sutilmente con errores pavos o cuestiones cotidianas como romper un termo o que te pique un mosquito. Porque ac\u00e1 surge el verdadero yo, y hay que cultivarlo desde cero. Me resuena Huxley otra vez: \u201c<em>La ecolog\u00eda elemental conduce en forma directa al budismo elemental.<\/em>\u201d \u00bfSer\u00e1 posible, pues, que la Naturaleza, su contemplaci\u00f3n, entendimiento, y la intenci\u00f3n de protegerla, neutralicen lo peor de m\u00ed y me tranquilice? <strong>La Naturaleza S\u00ed es <em>largo-placista\u2026<\/em> <\/strong>Entonces, \u00bfpor qu\u00e9 nos cuesta tanto a nosotros ser largo-placistas? \u00bfSer\u00e1 por nuestra corta vida a escala geol\u00f3gica? \u00bfSer\u00e1 por nuestra costumbre de cuantificar el tiempo, en vez de tomarlo cualitativo? \u00bfSer\u00e1 porque soy ansioso por naturaleza y creo que los grandes cambios socioecon\u00f3micos de la sociedad se dar\u00e1n r\u00e1pidamente?<\/p>\n<p>Debo confiar en el largo plazo y recordarme constantemente los \u201cporqu\u00e9\u201d filos\u00f3ficos de lo que estamos haciendo, para que el aislamiento &#8211;<em>temporario<\/em>&#8211; no sea el extinguimiento lento de lo que fui y de lo que me trajo hasta aqu\u00ed\u2026<\/p>\n<p><a href=\"https:\/\/ploff.net\/wp-content\/uploads\/2015\/10\/BA-216-Al-fuego.jpg\"><img loading=\"lazy\" decoding=\"async\" class=\"aligncenter size-full wp-image-3569\" src=\"https:\/\/ploff.net\/wp-content\/uploads\/2015\/10\/BA-216-Al-fuego.jpg\" alt=\"BA 216 - Al fuego\" width=\"2560\" height=\"1920\" srcset=\"https:\/\/ploff.net\/wp-content\/uploads\/2015\/10\/BA-216-Al-fuego.jpg 2560w, https:\/\/ploff.net\/wp-content\/uploads\/2015\/10\/BA-216-Al-fuego-300x225.jpg 300w, https:\/\/ploff.net\/wp-content\/uploads\/2015\/10\/BA-216-Al-fuego-1024x768.jpg 1024w, https:\/\/ploff.net\/wp-content\/uploads\/2015\/10\/BA-216-Al-fuego-67x50.jpg 67w\" sizes=\"auto, (max-width: 2560px) 100vw, 2560px\" \/><\/a><\/p>\n<p><strong>Uno manda todo al fuego, todas sus m\u00e1scaras, todos sus egos, pero debe ir salvaguardando su esencia en ese proceso de destilaci\u00f3n del ser.<\/strong> Conservar tus ritos personales, tus habilidades fluyendo, y tu cuerpo elongado, porque siempre va a Ser ese tu mayor templo: tu cuerpo sano con una mente sana y despierta al mando.<\/p>\n<p>Mi esencia me dice que la emergencia de las ecoaldeas en Am\u00e9rica Latina puede ser la herramienta social que permita voltear la econom\u00eda actual en pos de un mundo que priorice el Ser Feliz y poder vivir activando al m\u00e1ximo el potencial transformador de la conciencia humana y planetaria. Pero mi viejo yo grita, quem\u00e1ndose, que no podr\u00e9 ser paciente ante frustraciones constantes en el corto plazo, y que el aislamiento nos saca del foto de la problem\u00e1tica mundial actual\u2026 lo veo tranquilo morir, con llamas flameantes y ondas de calor orquestadas por el viento.<\/p>\n<p><a href=\"https:\/\/ploff.net\/wp-content\/uploads\/2015\/10\/BA-216-Flama.jpg\"><img loading=\"lazy\" decoding=\"async\" class=\"aligncenter size-full wp-image-3574\" src=\"https:\/\/ploff.net\/wp-content\/uploads\/2015\/10\/BA-216-Flama.jpg\" alt=\"BA 216 - Flama\" width=\"2560\" height=\"1920\" srcset=\"https:\/\/ploff.net\/wp-content\/uploads\/2015\/10\/BA-216-Flama.jpg 2560w, https:\/\/ploff.net\/wp-content\/uploads\/2015\/10\/BA-216-Flama-300x225.jpg 300w, https:\/\/ploff.net\/wp-content\/uploads\/2015\/10\/BA-216-Flama-1024x768.jpg 1024w, https:\/\/ploff.net\/wp-content\/uploads\/2015\/10\/BA-216-Flama-67x50.jpg 67w\" sizes=\"auto, (max-width: 2560px) 100vw, 2560px\" \/><\/a><\/p>\n<p>Me fui de cuerpo, estoy agotado f\u00edsicamente, y romp\u00ed un termo\u2026 \u00bfc\u00f3mo pienso cambiar el mundo as\u00ed\u2026?<\/p>\n<p>Un hermano se levanta, activa y contagia a pararse y ponerse a hacer algo y dejar de pensar-pensar-pensar todo el tiempo. Me dice que \u201cel asunto de las ratas\u201d <em>est\u00e1 aqu\u00ed otra vez\u2026<\/em> Alejo mi cuaderno \u2013<em>este en el que les escribo<\/em>&#8211; lo miro al brother\u2026 y est\u00e1 apuntando a la carpa en silencio\u2026 Dejo el ferrocarril de cadena de pensamientos de lado y me concentro, <em>como nunca<\/em>, en el hecho de que las ratas en dos d\u00edas nos comieron nuestros v\u00edveres de tres d\u00edas. SUPERVIVENCIA, sacar lo m\u00e1s oscuro de m\u00ed, y transmutarlo en una acci\u00f3n salvaje. Me encerr\u00e9 en la carpa de v\u00edveres con ellas (las ratas, que eran dos, a falta de una) y pegaban saltos por todos lados. Algo nunca visto, dos ratas y un humano a las corridas en dos metros cuadrados de un tri\u00e1ngulo de tela. Yo, garrote de cart\u00f3n en mano y zumbando el aire intentando darles. Dej\u00e9 de pensar en el termo, en el dolor de panza, en los seres queridos que extra\u00f1o, al calor de dormir con ella de a dos, y s\u00f3lo exist\u00eda <em>el segundo en horas<\/em>, la respiraci\u00f3n enfurecida, mezcla de adrenalina y temor, y la mirada de halc\u00f3n &#8211;<strong><em>\u00a1PUM!<\/em><\/strong>&#8211; Y una casi revienta como una bombucha de agua <em>pero no<\/em>, muri\u00f3 ah\u00ed, <em>in situ<\/em>, la separo afuera con una cacerola y me vuelvo a encerrar con la otra, l\u00e1grima m\u00eda ya emergiendo, por verme desde afuera haciendo lo que estaba haciendo, y le grito, desde lo m\u00e1s profundo de m\u00ed, pidi\u00e9ndole perd\u00f3n y aclar\u00e1ndole en un \u00faltimo intento parlamentario o pseudo-humanista, que esa era nuestra comida &#8211;<strong><em>\u00a1PUM!<\/em><\/strong>&#8211; ya est\u00e1\u2026<\/p>\n<p>Me tiro de rodillas al fuego, el Nico me banca y yo permanezco asustado y agitado por un tiempo por haber vivenciado el lado oscuro de la permacultura. Las honramos, luego, crem\u00e1ndolas en la entrada al bosque, detr\u00e1s del camping; no hubieron palabras de despedida ni largo ritual, falt\u00f3 quiz\u00e1s la presencia femenina en el grupo ese d\u00eda para que prevalezca un velorio animal m\u00e1s acertado, pero obramos con frialdad permacultural, si es que existe tal t\u00e9rmino\u2026<\/p>\n<p><a href=\"https:\/\/ploff.net\/wp-content\/uploads\/2015\/10\/BA-216-Bones.jpg\"><img loading=\"lazy\" decoding=\"async\" class=\"aligncenter size-full wp-image-3573\" src=\"https:\/\/ploff.net\/wp-content\/uploads\/2015\/10\/BA-216-Bones.jpg\" alt=\"BA 216 - Bones\" width=\"2560\" height=\"1920\" srcset=\"https:\/\/ploff.net\/wp-content\/uploads\/2015\/10\/BA-216-Bones.jpg 2560w, https:\/\/ploff.net\/wp-content\/uploads\/2015\/10\/BA-216-Bones-300x225.jpg 300w, https:\/\/ploff.net\/wp-content\/uploads\/2015\/10\/BA-216-Bones-1024x768.jpg 1024w, https:\/\/ploff.net\/wp-content\/uploads\/2015\/10\/BA-216-Bones-67x50.jpg 67w\" sizes=\"auto, (max-width: 2560px) 100vw, 2560px\" \/><\/a><\/p>\n<p>Al rato, aparecieron los hermanos Padilla a caballo cruzando el r\u00edo del campo de enfrente a visitarnos y rieron con la an\u00e9cdota\u2026 aqu\u00ed se convive con la vida y la muerte en diferentes niveles. Seguimos su recomendaci\u00f3n y agotamos nuestra energ\u00eda poniendo a salvo la comida sobre un pallet en altura y aislando con un pl\u00e1stico\u2026 a la tarde nos trajeron de prestado a \u201cRossau\u201d &#8211;<em>o \u201cRousseau\u201d<\/em>-, un caballo viejo ya jubilado, pero lleno de vida que nos llevar\u00e1 a conocer el terreno. La verdadera nobleza gaucha. Traducida en humildad y desinteresada ayuda a quien lo necesite. La vida en el campo\u2026 una vida diametralmente opuesta a la vida en la ciudad\u2026<\/p>\n<p>El d\u00eda me dio una paliza y el Nico hace torta en la mitad de la nada. Nuevas energ\u00edas llegan a la noche a develar este misterio de Ecoaldea trascendental.<\/p>\n<p><a href=\"https:\/\/ploff.net\/wp-content\/uploads\/2015\/10\/BA-216-Atardecer.jpg\"><img loading=\"lazy\" decoding=\"async\" class=\"aligncenter size-full wp-image-3572\" src=\"https:\/\/ploff.net\/wp-content\/uploads\/2015\/10\/BA-216-Atardecer.jpg\" alt=\"BA 216 - Atardecer\" width=\"2560\" height=\"1920\" srcset=\"https:\/\/ploff.net\/wp-content\/uploads\/2015\/10\/BA-216-Atardecer.jpg 2560w, https:\/\/ploff.net\/wp-content\/uploads\/2015\/10\/BA-216-Atardecer-300x225.jpg 300w, https:\/\/ploff.net\/wp-content\/uploads\/2015\/10\/BA-216-Atardecer-1024x768.jpg 1024w, https:\/\/ploff.net\/wp-content\/uploads\/2015\/10\/BA-216-Atardecer-67x50.jpg 67w\" sizes=\"auto, (max-width: 2560px) 100vw, 2560px\" \/><\/a><\/p>\n<p>Ser\u00e1 hasta quien sabe cu\u00e1ndo,<\/p>\n<p>Brian Longstaff.-<\/p>\n","protected":false},"excerpt":{"rendered":"<p>\u2026de la Laguna de Walden al R\u00edo Rosario. Escritos desde la Ecoaldea Aluna. 2 de Octubre, 2015 \u2013 Viernes\u2026 Madrugada\u2026 Despiertos desde las 7 am. del d\u00eda anterior, \u00faltimo d\u00eda mezcl\u00e1ndonos entre la urbanidad, tr\u00e1mites y arreglos de \u00faltimo momento fueron demorando nuestra partida hasta bien entrada la noche; la Luna subiendo desde el Este, [&hellip;]<\/p>\n","protected":false},"author":2,"featured_media":3577,"comment_status":"open","ping_status":"open","sticky":false,"template":"","format":"standard","meta":{"_monsterinsights_skip_tracking":false,"_monsterinsights_sitenote_active":false,"_monsterinsights_sitenote_note":"","_monsterinsights_sitenote_category":0,"footnotes":""},"categories":[2],"tags":[936],"class_list":["post-3581","post","type-post","status-publish","format-standard","has-post-thumbnail","hentry","category-boletin","tag-ecoaldea-aluna"],"yoast_head":"<!-- This site is optimized with the Yoast SEO plugin v24.3 - https:\/\/yoast.com\/wordpress\/plugins\/seo\/ -->\n<title>BA 216 - Cartas desde el Norte... - Ploff.net<\/title>\n<meta name=\"robots\" content=\"index, follow, max-snippet:-1, max-image-preview:large, max-video-preview:-1\" \/>\n<link rel=\"canonical\" href=\"https:\/\/ploff.net\/en\/ba-216-cartas-desde-el-norte\/\" \/>\n<meta property=\"og:locale\" content=\"en_US\" \/>\n<meta property=\"og:type\" content=\"article\" \/>\n<meta property=\"og:title\" content=\"BA 216 - Cartas desde el Norte... - Ploff.net\" \/>\n<meta property=\"og:description\" content=\"\u2026de la Laguna de Walden al R\u00edo Rosario. Escritos desde la Ecoaldea Aluna. 2 de Octubre, 2015 \u2013 Viernes\u2026 Madrugada\u2026 Despiertos desde las 7 am. del d\u00eda anterior, \u00faltimo d\u00eda mezcl\u00e1ndonos entre la urbanidad, tr\u00e1mites y arreglos de \u00faltimo momento fueron demorando nuestra partida hasta bien entrada la noche; la Luna subiendo desde el Este, [&hellip;]\" \/>\n<meta property=\"og:url\" content=\"https:\/\/ploff.net\/en\/ba-216-cartas-desde-el-norte\/\" \/>\n<meta property=\"og:site_name\" content=\"Ploff.net\" \/>\n<meta property=\"article:publisher\" content=\"https:\/\/www.facebook.com\/ploffnet\/\" \/>\n<meta property=\"article:published_time\" content=\"2015-10-11T01:25:19+00:00\" \/>\n<meta property=\"og:image\" content=\"https:\/\/ploff.net\/wp-content\/uploads\/2015\/10\/BA-216-Manija.jpg\" \/>\n\t<meta property=\"og:image:width\" content=\"2048\" \/>\n\t<meta property=\"og:image:height\" content=\"1536\" \/>\n\t<meta property=\"og:image:type\" content=\"image\/jpeg\" \/>\n<meta name=\"author\" content=\"Brian Longstaff\" \/>\n<meta name=\"twitter:card\" content=\"summary_large_image\" \/>\n<meta name=\"twitter:label1\" content=\"Written by\" \/>\n\t<meta name=\"twitter:data1\" content=\"Brian Longstaff\" \/>\n\t<meta name=\"twitter:label2\" content=\"Est. reading time\" \/>\n\t<meta name=\"twitter:data2\" content=\"15 minutes\" \/>\n<script type=\"application\/ld+json\" class=\"yoast-schema-graph\">{\"@context\":\"https:\/\/schema.org\",\"@graph\":[{\"@type\":\"Article\",\"@id\":\"https:\/\/ploff.net\/en\/ba-216-cartas-desde-el-norte\/#article\",\"isPartOf\":{\"@id\":\"https:\/\/ploff.net\/en\/ba-216-cartas-desde-el-norte\/\"},\"author\":{\"name\":\"Brian Longstaff\",\"@id\":\"https:\/\/ploff.net\/#\/schema\/person\/50f4145b8c3f93374cec32f352d4244a\"},\"headline\":\"BA 216 &#8211; Cartas desde el Norte&#8230;\",\"datePublished\":\"2015-10-11T01:25:19+00:00\",\"dateModified\":\"2015-10-11T01:25:19+00:00\",\"mainEntityOfPage\":{\"@id\":\"https:\/\/ploff.net\/en\/ba-216-cartas-desde-el-norte\/\"},\"wordCount\":3067,\"commentCount\":1,\"publisher\":{\"@id\":\"https:\/\/ploff.net\/#organization\"},\"image\":{\"@id\":\"https:\/\/ploff.net\/en\/ba-216-cartas-desde-el-norte\/#primaryimage\"},\"thumbnailUrl\":\"https:\/\/ploff.net\/wp-content\/uploads\/2015\/10\/BA-216-Manija.jpg\",\"keywords\":[\"ECOALDEA ALUNA\"],\"articleSection\":[\"Boletin\"],\"inLanguage\":\"en-US\",\"potentialAction\":[{\"@type\":\"CommentAction\",\"name\":\"Comment\",\"target\":[\"https:\/\/ploff.net\/en\/ba-216-cartas-desde-el-norte\/#respond\"]}]},{\"@type\":\"WebPage\",\"@id\":\"https:\/\/ploff.net\/en\/ba-216-cartas-desde-el-norte\/\",\"url\":\"https:\/\/ploff.net\/en\/ba-216-cartas-desde-el-norte\/\",\"name\":\"BA 216 - Cartas desde el Norte... - Ploff.net\",\"isPartOf\":{\"@id\":\"https:\/\/ploff.net\/#website\"},\"primaryImageOfPage\":{\"@id\":\"https:\/\/ploff.net\/en\/ba-216-cartas-desde-el-norte\/#primaryimage\"},\"image\":{\"@id\":\"https:\/\/ploff.net\/en\/ba-216-cartas-desde-el-norte\/#primaryimage\"},\"thumbnailUrl\":\"https:\/\/ploff.net\/wp-content\/uploads\/2015\/10\/BA-216-Manija.jpg\",\"datePublished\":\"2015-10-11T01:25:19+00:00\",\"dateModified\":\"2015-10-11T01:25:19+00:00\",\"breadcrumb\":{\"@id\":\"https:\/\/ploff.net\/en\/ba-216-cartas-desde-el-norte\/#breadcrumb\"},\"inLanguage\":\"en-US\",\"potentialAction\":[{\"@type\":\"ReadAction\",\"target\":[\"https:\/\/ploff.net\/en\/ba-216-cartas-desde-el-norte\/\"]}]},{\"@type\":\"ImageObject\",\"inLanguage\":\"en-US\",\"@id\":\"https:\/\/ploff.net\/en\/ba-216-cartas-desde-el-norte\/#primaryimage\",\"url\":\"https:\/\/ploff.net\/wp-content\/uploads\/2015\/10\/BA-216-Manija.jpg\",\"contentUrl\":\"https:\/\/ploff.net\/wp-content\/uploads\/2015\/10\/BA-216-Manija.jpg\",\"width\":2048,\"height\":1536},{\"@type\":\"BreadcrumbList\",\"@id\":\"https:\/\/ploff.net\/en\/ba-216-cartas-desde-el-norte\/#breadcrumb\",\"itemListElement\":[{\"@type\":\"ListItem\",\"position\":1,\"name\":\"Portada\",\"item\":\"https:\/\/ploff.net\/\"},{\"@type\":\"ListItem\",\"position\":2,\"name\":\"BA 216 &#8211; Cartas desde el Norte&#8230;\"}]},{\"@type\":\"WebSite\",\"@id\":\"https:\/\/ploff.net\/#website\",\"url\":\"https:\/\/ploff.net\/\",\"name\":\"Ploff.net - Amor, Paz, Unidad y Amistad\",\"description\":\"Love, Peace, Unity, Friendship.\",\"publisher\":{\"@id\":\"https:\/\/ploff.net\/#organization\"},\"potentialAction\":[{\"@type\":\"SearchAction\",\"target\":{\"@type\":\"EntryPoint\",\"urlTemplate\":\"https:\/\/ploff.net\/?s={search_term_string}\"},\"query-input\":{\"@type\":\"PropertyValueSpecification\",\"valueRequired\":true,\"valueName\":\"search_term_string\"}}],\"inLanguage\":\"en-US\"},{\"@type\":\"Organization\",\"@id\":\"https:\/\/ploff.net\/#organization\",\"name\":\"Ploff\",\"url\":\"https:\/\/ploff.net\/\",\"logo\":{\"@type\":\"ImageObject\",\"inLanguage\":\"en-US\",\"@id\":\"https:\/\/ploff.net\/#\/schema\/logo\/image\/\",\"url\":\"https:\/\/ploff.net\/wp-content\/uploads\/2020\/04\/ploff-logo.jpg\",\"contentUrl\":\"https:\/\/ploff.net\/wp-content\/uploads\/2020\/04\/ploff-logo.jpg\",\"width\":180,\"height\":180,\"caption\":\"Ploff\"},\"image\":{\"@id\":\"https:\/\/ploff.net\/#\/schema\/logo\/image\/\"},\"sameAs\":[\"https:\/\/www.facebook.com\/ploffnet\/\",\"https:\/\/www.youtube.com\/user\/Ploffnet\"]},{\"@type\":\"Person\",\"@id\":\"https:\/\/ploff.net\/#\/schema\/person\/50f4145b8c3f93374cec32f352d4244a\",\"name\":\"Brian Longstaff\",\"image\":{\"@type\":\"ImageObject\",\"inLanguage\":\"en-US\",\"@id\":\"https:\/\/ploff.net\/#\/schema\/person\/image\/\",\"url\":\"https:\/\/secure.gravatar.com\/avatar\/6e54b28b52182bb68ba2cc9bc60c83c6?s=96&d=mm&r=g\",\"contentUrl\":\"https:\/\/secure.gravatar.com\/avatar\/6e54b28b52182bb68ba2cc9bc60c83c6?s=96&d=mm&r=g\",\"caption\":\"Brian Longstaff\"},\"url\":\"https:\/\/ploff.net\/en\/author\/brian\/\"}]}<\/script>\n<!-- \/ Yoast SEO plugin. -->","yoast_head_json":{"title":"BA 216 - Cartas desde el Norte... - Ploff.net","robots":{"index":"index","follow":"follow","max-snippet":"max-snippet:-1","max-image-preview":"max-image-preview:large","max-video-preview":"max-video-preview:-1"},"canonical":"https:\/\/ploff.net\/en\/ba-216-cartas-desde-el-norte\/","og_locale":"en_US","og_type":"article","og_title":"BA 216 - Cartas desde el Norte... - Ploff.net","og_description":"\u2026de la Laguna de Walden al R\u00edo Rosario. Escritos desde la Ecoaldea Aluna. 2 de Octubre, 2015 \u2013 Viernes\u2026 Madrugada\u2026 Despiertos desde las 7 am. del d\u00eda anterior, \u00faltimo d\u00eda mezcl\u00e1ndonos entre la urbanidad, tr\u00e1mites y arreglos de \u00faltimo momento fueron demorando nuestra partida hasta bien entrada la noche; la Luna subiendo desde el Este, [&hellip;]","og_url":"https:\/\/ploff.net\/en\/ba-216-cartas-desde-el-norte\/","og_site_name":"Ploff.net","article_publisher":"https:\/\/www.facebook.com\/ploffnet\/","article_published_time":"2015-10-11T01:25:19+00:00","og_image":[{"width":2048,"height":1536,"url":"https:\/\/ploff.net\/wp-content\/uploads\/2015\/10\/BA-216-Manija.jpg","type":"image\/jpeg"}],"author":"Brian Longstaff","twitter_card":"summary_large_image","twitter_misc":{"Written by":"Brian Longstaff","Est. reading time":"15 minutes"},"schema":{"@context":"https:\/\/schema.org","@graph":[{"@type":"Article","@id":"https:\/\/ploff.net\/en\/ba-216-cartas-desde-el-norte\/#article","isPartOf":{"@id":"https:\/\/ploff.net\/en\/ba-216-cartas-desde-el-norte\/"},"author":{"name":"Brian Longstaff","@id":"https:\/\/ploff.net\/#\/schema\/person\/50f4145b8c3f93374cec32f352d4244a"},"headline":"BA 216 &#8211; Cartas desde el Norte&#8230;","datePublished":"2015-10-11T01:25:19+00:00","dateModified":"2015-10-11T01:25:19+00:00","mainEntityOfPage":{"@id":"https:\/\/ploff.net\/en\/ba-216-cartas-desde-el-norte\/"},"wordCount":3067,"commentCount":1,"publisher":{"@id":"https:\/\/ploff.net\/#organization"},"image":{"@id":"https:\/\/ploff.net\/en\/ba-216-cartas-desde-el-norte\/#primaryimage"},"thumbnailUrl":"https:\/\/ploff.net\/wp-content\/uploads\/2015\/10\/BA-216-Manija.jpg","keywords":["ECOALDEA ALUNA"],"articleSection":["Boletin"],"inLanguage":"en-US","potentialAction":[{"@type":"CommentAction","name":"Comment","target":["https:\/\/ploff.net\/en\/ba-216-cartas-desde-el-norte\/#respond"]}]},{"@type":"WebPage","@id":"https:\/\/ploff.net\/en\/ba-216-cartas-desde-el-norte\/","url":"https:\/\/ploff.net\/en\/ba-216-cartas-desde-el-norte\/","name":"BA 216 - Cartas desde el Norte... - Ploff.net","isPartOf":{"@id":"https:\/\/ploff.net\/#website"},"primaryImageOfPage":{"@id":"https:\/\/ploff.net\/en\/ba-216-cartas-desde-el-norte\/#primaryimage"},"image":{"@id":"https:\/\/ploff.net\/en\/ba-216-cartas-desde-el-norte\/#primaryimage"},"thumbnailUrl":"https:\/\/ploff.net\/wp-content\/uploads\/2015\/10\/BA-216-Manija.jpg","datePublished":"2015-10-11T01:25:19+00:00","dateModified":"2015-10-11T01:25:19+00:00","breadcrumb":{"@id":"https:\/\/ploff.net\/en\/ba-216-cartas-desde-el-norte\/#breadcrumb"},"inLanguage":"en-US","potentialAction":[{"@type":"ReadAction","target":["https:\/\/ploff.net\/en\/ba-216-cartas-desde-el-norte\/"]}]},{"@type":"ImageObject","inLanguage":"en-US","@id":"https:\/\/ploff.net\/en\/ba-216-cartas-desde-el-norte\/#primaryimage","url":"https:\/\/ploff.net\/wp-content\/uploads\/2015\/10\/BA-216-Manija.jpg","contentUrl":"https:\/\/ploff.net\/wp-content\/uploads\/2015\/10\/BA-216-Manija.jpg","width":2048,"height":1536},{"@type":"BreadcrumbList","@id":"https:\/\/ploff.net\/en\/ba-216-cartas-desde-el-norte\/#breadcrumb","itemListElement":[{"@type":"ListItem","position":1,"name":"Portada","item":"https:\/\/ploff.net\/"},{"@type":"ListItem","position":2,"name":"BA 216 &#8211; Cartas desde el Norte&#8230;"}]},{"@type":"WebSite","@id":"https:\/\/ploff.net\/#website","url":"https:\/\/ploff.net\/","name":"Ploff.net - Amor, Paz, Unidad y Amistad","description":"Love, Peace, Unity, Friendship.","publisher":{"@id":"https:\/\/ploff.net\/#organization"},"potentialAction":[{"@type":"SearchAction","target":{"@type":"EntryPoint","urlTemplate":"https:\/\/ploff.net\/?s={search_term_string}"},"query-input":{"@type":"PropertyValueSpecification","valueRequired":true,"valueName":"search_term_string"}}],"inLanguage":"en-US"},{"@type":"Organization","@id":"https:\/\/ploff.net\/#organization","name":"Ploff","url":"https:\/\/ploff.net\/","logo":{"@type":"ImageObject","inLanguage":"en-US","@id":"https:\/\/ploff.net\/#\/schema\/logo\/image\/","url":"https:\/\/ploff.net\/wp-content\/uploads\/2020\/04\/ploff-logo.jpg","contentUrl":"https:\/\/ploff.net\/wp-content\/uploads\/2020\/04\/ploff-logo.jpg","width":180,"height":180,"caption":"Ploff"},"image":{"@id":"https:\/\/ploff.net\/#\/schema\/logo\/image\/"},"sameAs":["https:\/\/www.facebook.com\/ploffnet\/","https:\/\/www.youtube.com\/user\/Ploffnet"]},{"@type":"Person","@id":"https:\/\/ploff.net\/#\/schema\/person\/50f4145b8c3f93374cec32f352d4244a","name":"Brian Longstaff","image":{"@type":"ImageObject","inLanguage":"en-US","@id":"https:\/\/ploff.net\/#\/schema\/person\/image\/","url":"https:\/\/secure.gravatar.com\/avatar\/6e54b28b52182bb68ba2cc9bc60c83c6?s=96&d=mm&r=g","contentUrl":"https:\/\/secure.gravatar.com\/avatar\/6e54b28b52182bb68ba2cc9bc60c83c6?s=96&d=mm&r=g","caption":"Brian Longstaff"},"url":"https:\/\/ploff.net\/en\/author\/brian\/"}]}},"_links":{"self":[{"href":"https:\/\/ploff.net\/en\/wp-json\/wp\/v2\/posts\/3581","targetHints":{"allow":["GET"]}}],"collection":[{"href":"https:\/\/ploff.net\/en\/wp-json\/wp\/v2\/posts"}],"about":[{"href":"https:\/\/ploff.net\/en\/wp-json\/wp\/v2\/types\/post"}],"author":[{"embeddable":true,"href":"https:\/\/ploff.net\/en\/wp-json\/wp\/v2\/users\/2"}],"replies":[{"embeddable":true,"href":"https:\/\/ploff.net\/en\/wp-json\/wp\/v2\/comments?post=3581"}],"version-history":[{"count":1,"href":"https:\/\/ploff.net\/en\/wp-json\/wp\/v2\/posts\/3581\/revisions"}],"predecessor-version":[{"id":3582,"href":"https:\/\/ploff.net\/en\/wp-json\/wp\/v2\/posts\/3581\/revisions\/3582"}],"wp:featuredmedia":[{"embeddable":true,"href":"https:\/\/ploff.net\/en\/wp-json\/wp\/v2\/media\/3577"}],"wp:attachment":[{"href":"https:\/\/ploff.net\/en\/wp-json\/wp\/v2\/media?parent=3581"}],"wp:term":[{"taxonomy":"category","embeddable":true,"href":"https:\/\/ploff.net\/en\/wp-json\/wp\/v2\/categories?post=3581"},{"taxonomy":"post_tag","embeddable":true,"href":"https:\/\/ploff.net\/en\/wp-json\/wp\/v2\/tags?post=3581"}],"curies":[{"name":"wp","href":"https:\/\/api.w.org\/{rel}","templated":true}]}}