{"id":4331,"date":"2021-02-11T19:39:40","date_gmt":"2021-02-11T22:39:40","guid":{"rendered":"https:\/\/ploff.net\/?p=4331"},"modified":"2021-02-11T19:39:40","modified_gmt":"2021-02-11T22:39:40","slug":"ba-245-como-cambiar-el-mundo-practicamente-hablando","status":"publish","type":"post","link":"https:\/\/ploff.net\/en\/ba-245-como-cambiar-el-mundo-practicamente-hablando\/","title":{"rendered":"(Espa\u00f1ol) BA 245 &#8211; C\u00f3mo cambiar el mundo, pr\u00e1cticamente hablando."},"content":{"rendered":"<p class=\"qtranxs-available-languages-message qtranxs-available-languages-message-en\">Sorry, this entry is only available in <a href=\"https:\/\/ploff.net\/es\/wp-json\/wp\/v2\/posts\/4331\" class=\"qtranxs-available-language-link qtranxs-available-language-link-es\" title=\"Espa\u00f1ol\">Espa\u00f1ol<\/a>. For the sake of viewer convenience, the content is shown below in the alternative language. You may click the link to switch the active language.<\/p><p>&nbsp;<\/p>\n<p><strong><u>C\u00f3mo cambiar el mundo, pr\u00e1cticamente hablando.<\/u><\/strong><\/p>\n<p>&nbsp;<\/p>\n<p>\u00a1Llamado a la solidaridad personal! \u00bfSoy feliz con lo que hago\u2026?<\/p>\n<p>&nbsp;<\/p>\n<p><img loading=\"lazy\" decoding=\"async\" class=\"aligncenter size-full wp-image-4318\" src=\"https:\/\/ploff.net\/wp-content\/uploads\/2021\/02\/BA-245-Bullshit-Steve-Cutts.jpg\" alt=\"\" width=\"1100\" height=\"686\" srcset=\"https:\/\/ploff.net\/wp-content\/uploads\/2021\/02\/BA-245-Bullshit-Steve-Cutts.jpg 1100w, https:\/\/ploff.net\/wp-content\/uploads\/2021\/02\/BA-245-Bullshit-Steve-Cutts-300x187.jpg 300w, https:\/\/ploff.net\/wp-content\/uploads\/2021\/02\/BA-245-Bullshit-Steve-Cutts-1024x639.jpg 1024w, https:\/\/ploff.net\/wp-content\/uploads\/2021\/02\/BA-245-Bullshit-Steve-Cutts-768x479.jpg 768w, https:\/\/ploff.net\/wp-content\/uploads\/2021\/02\/BA-245-Bullshit-Steve-Cutts-67x42.jpg 67w\" sizes=\"auto, (max-width: 1100px) 100vw, 1100px\" \/><\/p>\n<p>(Traducci\u00f3n: <em>Ya no puedo soportar esta mierda!<\/em>)<\/p>\n<p>&nbsp;<\/p>\n<p>&nbsp;<\/p>\n<p>En el hipot\u00e9tico (y ut\u00f3pico) caso de que Uno pueda tener <em>acceso a un pedacito de tierra con un lugarcito para habitar<\/em>\u2026<\/p>\n<p>&amp; en el cient\u00edfico y real caso de que estamos ante <strong>un escenario de inevitable <a href=\"https:\/\/www.youtube.com\/watch?v=kLzNPEjHHb8\" target=\"_blank\" rel=\"noopener noreferrer\"><u>colapso<\/u><\/a> ecosist\u00e9mico<\/strong> (y por ende econ\u00f3mico, pol\u00edtico y social) que se nos viene encima\u2026<\/p>\n<p>\u00bfCu\u00e1les ser\u00edan los pasos a seguir para ir hacia la autosuficiencia, a la vez que hacia la potenciaci\u00f3n de los servicios ecosist\u00e9micos de un lugar?<\/p>\n<p>Varios\u2026 Varios son los pasos a seguir.<\/p>\n<p>&nbsp;<\/p>\n<p><img loading=\"lazy\" decoding=\"async\" class=\"aligncenter size-full wp-image-4325\" src=\"https:\/\/ploff.net\/wp-content\/uploads\/2021\/02\/BA-245-HOME-scaled.jpg\" alt=\"\" width=\"2560\" height=\"1920\" srcset=\"https:\/\/ploff.net\/wp-content\/uploads\/2021\/02\/BA-245-HOME-scaled.jpg 2560w, https:\/\/ploff.net\/wp-content\/uploads\/2021\/02\/BA-245-HOME-300x225.jpg 300w, https:\/\/ploff.net\/wp-content\/uploads\/2021\/02\/BA-245-HOME-1024x768.jpg 1024w, https:\/\/ploff.net\/wp-content\/uploads\/2021\/02\/BA-245-HOME-768x576.jpg 768w, https:\/\/ploff.net\/wp-content\/uploads\/2021\/02\/BA-245-HOME-1536x1152.jpg 1536w, https:\/\/ploff.net\/wp-content\/uploads\/2021\/02\/BA-245-HOME-2048x1536.jpg 2048w, https:\/\/ploff.net\/wp-content\/uploads\/2021\/02\/BA-245-HOME-67x50.jpg 67w\" sizes=\"auto, (max-width: 2560px) 100vw, 2560px\" \/><\/p>\n<p>&nbsp;<\/p>\n<p>Cada uno tendr\u00e1 su manera, su m\u00e9todo, para procesar informaci\u00f3n, elaborar planes de acci\u00f3n, con sus respectivas tareas, y planificar qu\u00e9 ha de hacerse en cada momento y en cada lugar. Para mi todo se resume en un dibujo\/cuadro\/esquema, de doble entrada\u2026<\/p>\n<p>Arriba, y ocupando todo el ancho de la hoja (que pueden ser 2 o m\u00e1s hojas A3 pegadas con <em>boligoma<\/em> para mayor espacio de plasmaci\u00f3n de las tormentas de ideas que le puedan a uno venir), una flecha de izquierda a derecha, grande: <strong>el Tiempo<\/strong> (implacable).<\/p>\n<p>Y hacia abajo, todas las \u00e1reas en las que tengo que trabajar, o escalas de trabajo, o categor\u00edas de tareas, o actores sociales implicados (o todo junto, con ayuda de <em>fibrones<\/em> de colores y paciencia hol\u00edstica).<\/p>\n<p>&nbsp;<\/p>\n<p><img loading=\"lazy\" decoding=\"async\" class=\"aligncenter size-full wp-image-4315\" src=\"https:\/\/ploff.net\/wp-content\/uploads\/2021\/02\/BA-245-Arrows-scaled.jpg\" alt=\"\" width=\"2560\" height=\"1920\" srcset=\"https:\/\/ploff.net\/wp-content\/uploads\/2021\/02\/BA-245-Arrows-scaled.jpg 2560w, https:\/\/ploff.net\/wp-content\/uploads\/2021\/02\/BA-245-Arrows-300x225.jpg 300w, https:\/\/ploff.net\/wp-content\/uploads\/2021\/02\/BA-245-Arrows-1024x768.jpg 1024w, https:\/\/ploff.net\/wp-content\/uploads\/2021\/02\/BA-245-Arrows-768x576.jpg 768w, https:\/\/ploff.net\/wp-content\/uploads\/2021\/02\/BA-245-Arrows-1536x1152.jpg 1536w, https:\/\/ploff.net\/wp-content\/uploads\/2021\/02\/BA-245-Arrows-2048x1536.jpg 2048w, https:\/\/ploff.net\/wp-content\/uploads\/2021\/02\/BA-245-Arrows-67x50.jpg 67w\" sizes=\"auto, (max-width: 2560px) 100vw, 2560px\" \/><\/p>\n<p>&nbsp;<\/p>\n<p>Y una vez terminado, ni me enrosco\u2026 (o intento no enroscarme) y aplico <em>la noci\u00f3n de <strong>\u201ctexto m\u00e1rtir\u201d<\/strong><\/em>: una idea, una propuesta, un plan de trabajo, una vez propuesto, es lanzado al grupo, a la realidad, y uno lo tiene que poder soltar sin desconfianza.<\/p>\n<p>Por el contrario, <em>ten\u00e9s que poder soltar tu idea con absoluta entrega<\/em>, a sabiendas de que se puede mejorar, ya sea por otros (incre\u00edble c\u00f3mo esto podr\u00eda llegar a cambiar los cimientos de lo que creemos como propiedad intelectual), o por el mismo acontecer de sucesos impredecibles u obst\u00e1culos a resolver sobre la marcha, eventos que te van tirando todo para atr\u00e1s, siempre. Siempre est\u00e1n.<\/p>\n<p>Y <strong>aprender a convivir con el fracaso<\/strong>, claro, porque nunca sale todo bien <em>de-una<\/em>. Hay que intentar, animarse, probar, equivocarse, e ir para adelante: avanzar.<\/p>\n<p>En mi caso (habi\u00e9ndose producido la utop\u00eda), tratando de conectar, habitar y meter mano en <strong>la proliferaci\u00f3n de ciclos cerrados de energ\u00eda<\/strong> <em>dentro del peque\u00f1\u00edsimo ecosistema definido por un casco rural de 1,56 ha. en pleno pastizal pampeano<\/em>, termin\u00e9 mapeando el \u00e1rea de trabajo a escala con ayuda de un od\u00f3metro, una cinta m\u00e9trica, l\u00e1piz y papel.<\/p>\n<p>&nbsp;<\/p>\n<p><img loading=\"lazy\" decoding=\"async\" class=\"aligncenter size-full wp-image-4327\" src=\"https:\/\/ploff.net\/wp-content\/uploads\/2021\/02\/BA-245-Mediciones-scaled.jpg\" alt=\"\" width=\"2560\" height=\"1920\" srcset=\"https:\/\/ploff.net\/wp-content\/uploads\/2021\/02\/BA-245-Mediciones-scaled.jpg 2560w, https:\/\/ploff.net\/wp-content\/uploads\/2021\/02\/BA-245-Mediciones-300x225.jpg 300w, https:\/\/ploff.net\/wp-content\/uploads\/2021\/02\/BA-245-Mediciones-1024x768.jpg 1024w, https:\/\/ploff.net\/wp-content\/uploads\/2021\/02\/BA-245-Mediciones-768x576.jpg 768w, https:\/\/ploff.net\/wp-content\/uploads\/2021\/02\/BA-245-Mediciones-1536x1152.jpg 1536w, https:\/\/ploff.net\/wp-content\/uploads\/2021\/02\/BA-245-Mediciones-2048x1536.jpg 2048w, https:\/\/ploff.net\/wp-content\/uploads\/2021\/02\/BA-245-Mediciones-67x50.jpg 67w\" sizes=\"auto, (max-width: 2560px) 100vw, 2560px\" \/><\/p>\n<p>&nbsp;<\/p>\n<p>Por el momento, acciono sobre la casa y los 25 metros a la redonda que la circundan para no abarcar mucho y apretar poco.<\/p>\n<p>Luego, <u>zonifiqu\u00e9 el casco entero en cinco zonas<\/u>: casa, alrededores, cerca, medio y lejos. Al mismo tiempo pens\u00e9 en <u>categor\u00edas de trabajo<\/u>: agua, energ\u00eda, residuos, le\u00f1a, compostaje, siembra, plantines, huerta, forestaci\u00f3n, bioconstrucci\u00f3n, visitas, apicultura, galp\u00f3n, herramientas, y alguna que siempre me olvido. Tratando siempre de dejar un resto para el ocio y la contemplaci\u00f3n.<\/p>\n<p>&nbsp;<\/p>\n<p><img loading=\"lazy\" decoding=\"async\" class=\"aligncenter size-full wp-image-4324\" src=\"https:\/\/ploff.net\/wp-content\/uploads\/2021\/02\/BA-245-Hamaca-scaled.jpg\" alt=\"\" width=\"1920\" height=\"2560\" srcset=\"https:\/\/ploff.net\/wp-content\/uploads\/2021\/02\/BA-245-Hamaca-scaled.jpg 1920w, https:\/\/ploff.net\/wp-content\/uploads\/2021\/02\/BA-245-Hamaca-225x300.jpg 225w, https:\/\/ploff.net\/wp-content\/uploads\/2021\/02\/BA-245-Hamaca-768x1024.jpg 768w, https:\/\/ploff.net\/wp-content\/uploads\/2021\/02\/BA-245-Hamaca-1152x1536.jpg 1152w, https:\/\/ploff.net\/wp-content\/uploads\/2021\/02\/BA-245-Hamaca-1536x2048.jpg 1536w, https:\/\/ploff.net\/wp-content\/uploads\/2021\/02\/BA-245-Hamaca-39x52.jpg 39w\" sizes=\"auto, (max-width: 1920px) 100vw, 1920px\" \/><\/p>\n<p>&nbsp;<\/p>\n<p>Asimismo, me establec\u00ed varios libros\/cuadernos de trabajo\u2026 \u00a1de papel, que siempre ser\u00e1n mejores para <em>\u2018bajar\u2019<\/em> ideas! Algunos formales, para no perderme con todo lo que pasa (agenda, libro de actas y de visitas). Y otros m\u00e1s informales, donde escribo\/dibujo\/alimento\/sinergizo ideas, conceptos y dise\u00f1os, y posibles l\u00edneas futuras de trabajo.<\/p>\n<p>Estos \u00faltimos, son como <em>un aleph<\/em>\u2026 donde se entrecruzan todas las posibilidades de todas las cosas que se pueden hacer. Universos paralelos varios, en hojas de papel, que contienen el mismo objetivo, el mismo norte hacia donde direccionar la energ\u00eda.<\/p>\n<p>&nbsp;<\/p>\n<p><img loading=\"lazy\" decoding=\"async\" class=\"aligncenter size-full wp-image-4320\" src=\"https:\/\/ploff.net\/wp-content\/uploads\/2021\/02\/BA-245-Fitonea-scaled.jpg\" alt=\"\" width=\"1920\" height=\"2560\" srcset=\"https:\/\/ploff.net\/wp-content\/uploads\/2021\/02\/BA-245-Fitonea-scaled.jpg 1920w, https:\/\/ploff.net\/wp-content\/uploads\/2021\/02\/BA-245-Fitonea-225x300.jpg 225w, https:\/\/ploff.net\/wp-content\/uploads\/2021\/02\/BA-245-Fitonea-768x1024.jpg 768w, https:\/\/ploff.net\/wp-content\/uploads\/2021\/02\/BA-245-Fitonea-1152x1536.jpg 1152w, https:\/\/ploff.net\/wp-content\/uploads\/2021\/02\/BA-245-Fitonea-1536x2048.jpg 1536w, https:\/\/ploff.net\/wp-content\/uploads\/2021\/02\/BA-245-Fitonea-39x52.jpg 39w\" sizes=\"auto, (max-width: 1920px) 100vw, 1920px\" \/><\/p>\n<p>&nbsp;<\/p>\n<p>Todo es energ\u00eda. Mi gl\u00e1ndula pineal, aplaudida y atravesada por Flashes Solares, bombeando p\u00e9ptidos <em>a lo loco. <\/em>Neuronas, pasando data, iniciando acciones. M\u00e1s c\u00e9lulas que estrellas en la <strong>V\u00eda L\u00e1ctea<\/strong>, manteni\u00e9ndose aglomeradas y unidas cooperativamente en forma de <strong>Cuerpo<\/strong>, movi\u00e9ndose al un\u00edsono, orquestadas.<\/p>\n<p>Energ\u00eda disponible para hacer todo esto gracias a que otro grupo de c\u00e9lulas digiri\u00f3 alimentos que a su vez son infinidades de otras c\u00e9lulas que saben <strong>hacer<\/strong> lo que tienen que <strong>ser<\/strong>, en tiempo &amp; forma, momento a momento, infinitesimalmente, a lo largo del d\u00eda.<\/p>\n<p>&nbsp;<\/p>\n<p><img loading=\"lazy\" decoding=\"async\" class=\"aligncenter size-full wp-image-4329\" src=\"https:\/\/ploff.net\/wp-content\/uploads\/2021\/02\/BA-245-Spaghetti-scaled.jpg\" alt=\"\" width=\"1920\" height=\"2560\" srcset=\"https:\/\/ploff.net\/wp-content\/uploads\/2021\/02\/BA-245-Spaghetti-scaled.jpg 1920w, https:\/\/ploff.net\/wp-content\/uploads\/2021\/02\/BA-245-Spaghetti-225x300.jpg 225w, https:\/\/ploff.net\/wp-content\/uploads\/2021\/02\/BA-245-Spaghetti-768x1024.jpg 768w, https:\/\/ploff.net\/wp-content\/uploads\/2021\/02\/BA-245-Spaghetti-1152x1536.jpg 1152w, https:\/\/ploff.net\/wp-content\/uploads\/2021\/02\/BA-245-Spaghetti-1536x2048.jpg 1536w, https:\/\/ploff.net\/wp-content\/uploads\/2021\/02\/BA-245-Spaghetti-39x52.jpg 39w\" sizes=\"auto, (max-width: 1920px) 100vw, 1920px\" \/><\/p>\n<p>&nbsp;<\/p>\n<p>Todo orquestado por la misma energ\u00eda que golpea a la gl\u00e1ndula pineal y reverbera por todos los pliegues de nuestra fant\u00e1stica-mejor-herramienta que posee nuestro veh\u00edculo corporal: el cerebro\u2026<\/p>\n<p><strong>La energ\u00eda que orquesta\u2026 es la energ\u00eda de la Consciencia<\/strong>.<\/p>\n<p>Si nos dedic\u00e1semos a gestionar nuestra energ\u00eda, en vez de buscar un cargo, un salario, una etiqueta, ser\u00edamos dignos <strong>representantes planetarios<\/strong>.<\/p>\n<p>&nbsp;<\/p>\n<p><img loading=\"lazy\" decoding=\"async\" class=\"aligncenter size-full wp-image-4321\" src=\"https:\/\/ploff.net\/wp-content\/uploads\/2021\/02\/BA-245-Flower-1-scaled.jpg\" alt=\"\" width=\"1920\" height=\"2560\" srcset=\"https:\/\/ploff.net\/wp-content\/uploads\/2021\/02\/BA-245-Flower-1-scaled.jpg 1920w, https:\/\/ploff.net\/wp-content\/uploads\/2021\/02\/BA-245-Flower-1-225x300.jpg 225w, https:\/\/ploff.net\/wp-content\/uploads\/2021\/02\/BA-245-Flower-1-768x1024.jpg 768w, https:\/\/ploff.net\/wp-content\/uploads\/2021\/02\/BA-245-Flower-1-1152x1536.jpg 1152w, https:\/\/ploff.net\/wp-content\/uploads\/2021\/02\/BA-245-Flower-1-1536x2048.jpg 1536w, https:\/\/ploff.net\/wp-content\/uploads\/2021\/02\/BA-245-Flower-1-39x52.jpg 39w\" sizes=\"auto, (max-width: 1920px) 100vw, 1920px\" \/><\/p>\n<p>&nbsp;<\/p>\n<p>Todo es energ\u00eda &amp; lo que hace un <strong>representante planetario<\/strong> es una intervenci\u00f3n activa en la gesti\u00f3n, el manejo, el direccionamiento, el encause, la transformaci\u00f3n, multiplicaci\u00f3n &amp; transmutaci\u00f3n de la energ\u00eda.<\/p>\n<p><em>Ense\u00f1ar &amp; Regar. <\/em><\/p>\n<p><em>Comunicar &amp; Compostar. <\/em><\/p>\n<p><em>Parafrasear &amp; Semillar. <\/em><\/p>\n<p><em>Inspirar &amp; Abonar. <\/em><\/p>\n<p><em>Informar &amp; Cosechar. <\/em><\/p>\n<p>Todo va para un mismo lado.<\/p>\n<p>&nbsp;<\/p>\n<p><img loading=\"lazy\" decoding=\"async\" class=\"aligncenter size-full wp-image-4316\" src=\"https:\/\/ploff.net\/wp-content\/uploads\/2021\/02\/BA-245-Bancal-scaled.jpg\" alt=\"\" width=\"1920\" height=\"2560\" srcset=\"https:\/\/ploff.net\/wp-content\/uploads\/2021\/02\/BA-245-Bancal-scaled.jpg 1920w, https:\/\/ploff.net\/wp-content\/uploads\/2021\/02\/BA-245-Bancal-225x300.jpg 225w, https:\/\/ploff.net\/wp-content\/uploads\/2021\/02\/BA-245-Bancal-768x1024.jpg 768w, https:\/\/ploff.net\/wp-content\/uploads\/2021\/02\/BA-245-Bancal-1152x1536.jpg 1152w, https:\/\/ploff.net\/wp-content\/uploads\/2021\/02\/BA-245-Bancal-1536x2048.jpg 1536w, https:\/\/ploff.net\/wp-content\/uploads\/2021\/02\/BA-245-Bancal-39x52.jpg 39w\" sizes=\"auto, (max-width: 1920px) 100vw, 1920px\" \/><\/p>\n<p>&nbsp;<\/p>\n<p>Infinitas son las formas de hacer proliferar la energ\u00eda.<\/p>\n<p>&nbsp;<\/p>\n<p><img loading=\"lazy\" decoding=\"async\" class=\"aligncenter size-full wp-image-4323\" src=\"https:\/\/ploff.net\/wp-content\/uploads\/2021\/02\/BA-245-Flower-3-scaled.jpg\" alt=\"\" width=\"1920\" height=\"2560\" srcset=\"https:\/\/ploff.net\/wp-content\/uploads\/2021\/02\/BA-245-Flower-3-scaled.jpg 1920w, https:\/\/ploff.net\/wp-content\/uploads\/2021\/02\/BA-245-Flower-3-225x300.jpg 225w, https:\/\/ploff.net\/wp-content\/uploads\/2021\/02\/BA-245-Flower-3-768x1024.jpg 768w, https:\/\/ploff.net\/wp-content\/uploads\/2021\/02\/BA-245-Flower-3-1152x1536.jpg 1152w, https:\/\/ploff.net\/wp-content\/uploads\/2021\/02\/BA-245-Flower-3-1536x2048.jpg 1536w, https:\/\/ploff.net\/wp-content\/uploads\/2021\/02\/BA-245-Flower-3-39x52.jpg 39w\" sizes=\"auto, (max-width: 1920px) 100vw, 1920px\" \/><\/p>\n<p>&nbsp;<\/p>\n<p>&amp; si bien somos seres termodin\u00e1micos, entr\u00f3picos, con la ineficiencia inherente a nuestro existir encarnados en materia, existe 1 regla \u00fanica que el Ser Humano <em>no necesariamente respet\u00f3 en los \u00faltimos siglos<\/em> y es que\u2026 toda forma de manejo energ\u00e9tico, ya sea en un plano personal, art\u00edstico, laboral, comercial, espiritual, pol\u00edtico, relacional\u2026 cualquiera sea la dimensi\u00f3n en la que nos posicionemos, <em>la proliferaci\u00f3n, almacenamiento o conducci\u00f3n de la energ\u00eda que hagamos<\/em>, debe <strong>ayudar<\/strong>, debe <strong>dar<\/strong>, <strong>sanar<\/strong> de alguna forma, <strong>beneficiar<\/strong>, <em>al otro<\/em>. Y no debe ser en detrimento <em>del otro<\/em>.<\/p>\n<p>Y esta <em>\u2018otredad\u2019<\/em> <strong>(aceptando, claro, la interconexi\u00f3n cu\u00e1ntica a nivel subat\u00f3mico del Todo)<\/strong> no es meramente <u>humana<\/u>, sino absolutamente <u>biosf\u00e9rica<\/u> (aceptando, claro, la <strong>macro-conexi\u00f3n de esta \u00faltima con la atm\u00f3sfera, la lit\u00f3sfera y la hidr\u00f3sfera<\/strong>, que juntas Todas conforman la \u2018estructura\u2019 planetaria que nos contiene y nos permite respirar, evacuar, alimentar y <strong><em>sentipensar<\/em><\/strong>).<\/p>\n<p>&nbsp;<\/p>\n<p><img loading=\"lazy\" decoding=\"async\" class=\"aligncenter size-full wp-image-4317\" src=\"https:\/\/ploff.net\/wp-content\/uploads\/2021\/02\/BA-245-Boldo-y-Agua-y-Gestion-scaled.jpg\" alt=\"\" width=\"1920\" height=\"2560\" srcset=\"https:\/\/ploff.net\/wp-content\/uploads\/2021\/02\/BA-245-Boldo-y-Agua-y-Gestion-scaled.jpg 1920w, https:\/\/ploff.net\/wp-content\/uploads\/2021\/02\/BA-245-Boldo-y-Agua-y-Gestion-225x300.jpg 225w, https:\/\/ploff.net\/wp-content\/uploads\/2021\/02\/BA-245-Boldo-y-Agua-y-Gestion-768x1024.jpg 768w, https:\/\/ploff.net\/wp-content\/uploads\/2021\/02\/BA-245-Boldo-y-Agua-y-Gestion-1152x1536.jpg 1152w, https:\/\/ploff.net\/wp-content\/uploads\/2021\/02\/BA-245-Boldo-y-Agua-y-Gestion-1536x2048.jpg 1536w, https:\/\/ploff.net\/wp-content\/uploads\/2021\/02\/BA-245-Boldo-y-Agua-y-Gestion-39x52.jpg 39w\" sizes=\"auto, (max-width: 1920px) 100vw, 1920px\" \/><\/p>\n<p>&nbsp;<\/p>\n<p>Para direccionar la energ\u00eda <em>-la m\u00eda, la de los recursos disponibles y la de los dem\u00e1s-<\/em> correcta y eficientemente, trat\u00e9 de tener un objetivo claro, un <strong><em>Prop\u00f3sito<\/em><\/strong>, una imagen clara de lo que estaba haciendo, de <em>\u2018porqu\u00e9 me levanto cada ma\u00f1ana\u2019<\/em> y \u2018a Hacer <em>Qu\u00e9\u2019<\/em>, y arrib\u00e9 a sentipensar que estamos impulsando una <strong><em>\u201cJa<sup>2<\/sup>m<sup>3<\/sup>p\u201d<\/em><\/strong> =)<\/p>\n<p>Un <strong>jard\u00edn arom\u00e1tico-agroecol\u00f3gico-medicinal-meditativo &amp; museo permacultural\u2026 <\/strong><\/p>\n<p><strong>\u00a0<\/strong><\/p>\n<p><img loading=\"lazy\" decoding=\"async\" class=\"aligncenter size-full wp-image-4319\" src=\"https:\/\/ploff.net\/wp-content\/uploads\/2021\/02\/BA-245-Espiral-scaled.jpg\" alt=\"\" width=\"1920\" height=\"2560\" srcset=\"https:\/\/ploff.net\/wp-content\/uploads\/2021\/02\/BA-245-Espiral-scaled.jpg 1920w, https:\/\/ploff.net\/wp-content\/uploads\/2021\/02\/BA-245-Espiral-225x300.jpg 225w, https:\/\/ploff.net\/wp-content\/uploads\/2021\/02\/BA-245-Espiral-768x1024.jpg 768w, https:\/\/ploff.net\/wp-content\/uploads\/2021\/02\/BA-245-Espiral-1152x1536.jpg 1152w, https:\/\/ploff.net\/wp-content\/uploads\/2021\/02\/BA-245-Espiral-1536x2048.jpg 1536w, https:\/\/ploff.net\/wp-content\/uploads\/2021\/02\/BA-245-Espiral-39x52.jpg 39w\" sizes=\"auto, (max-width: 1920px) 100vw, 1920px\" \/><\/p>\n<p><strong>\u00a0<\/strong><\/p>\n<p><strong>Un proyecto <em>m\u00e1s pedag\u00f3gico que productivo<\/em><\/strong>, donde se combinan pr\u00e1cticas diversas del saber humano, con el objetivo primario de comunicar, contagiar, inspirar, informar, contar, a quienes est\u00e9n de paso de la tranquera para ac\u00e1, que existen formas alternativas para vivir y de hacer las cosas en los tiempos que corren, tiempos dif\u00edciles, donde se nos va perdiendo la cohesi\u00f3n social que tanto cost\u00f3 aglomerar, aquella interconectividad-gregaria-amorosa-relacional que tanto nos caracteriza como humanos.<\/p>\n<p>&nbsp;<\/p>\n<p><img loading=\"lazy\" decoding=\"async\" class=\"aligncenter size-full wp-image-4330\" src=\"https:\/\/ploff.net\/wp-content\/uploads\/2021\/02\/BA-245-Sunset-scaled.jpg\" alt=\"\" width=\"2560\" height=\"1920\" srcset=\"https:\/\/ploff.net\/wp-content\/uploads\/2021\/02\/BA-245-Sunset-scaled.jpg 2560w, https:\/\/ploff.net\/wp-content\/uploads\/2021\/02\/BA-245-Sunset-300x225.jpg 300w, https:\/\/ploff.net\/wp-content\/uploads\/2021\/02\/BA-245-Sunset-1024x768.jpg 1024w, https:\/\/ploff.net\/wp-content\/uploads\/2021\/02\/BA-245-Sunset-768x576.jpg 768w, https:\/\/ploff.net\/wp-content\/uploads\/2021\/02\/BA-245-Sunset-1536x1152.jpg 1536w, https:\/\/ploff.net\/wp-content\/uploads\/2021\/02\/BA-245-Sunset-2048x1536.jpg 2048w, https:\/\/ploff.net\/wp-content\/uploads\/2021\/02\/BA-245-Sunset-67x50.jpg 67w\" sizes=\"auto, (max-width: 2560px) 100vw, 2560px\" \/><\/p>\n<p>&nbsp;<\/p>\n<p>Ante esta realidad palpable, actual, de que nos vamos desvinculando m\u00e1s los unos a los otros, recuerdo, que hay otro componente clave para llevar adelante todo esto, y es que no podr\u00eda hacer esto s\u00f3lo, aislado, <em>en la m\u00eda<\/em>, sin abrirme a compartir de esta experiencia con <em>los dem\u00e1s<\/em>.<\/p>\n<p>Son muchas las personas que se arriman, y el concepto de MINGA vuelve al frente una y otra vez de formas renovadas. Desde las dos grandes que me convocaron a hacer esto (Mar\u00eda Carla Gallini &amp; Mar\u00eda Eugenia Varela), a alg\u00fan vecino que se arrima a ver <em>qu\u00e9 estamos haciendo<\/em> y que si necesitamos una mano, a un <a href=\"https:\/\/ploff.net\/nosotros\/\" target=\"_blank\" rel=\"noopener noreferrer\"><u>equipazo-ploffero de amigos<\/u><\/a> que viene a dar su aporte, con sus diversos saberes y experiencias, cada vez que pueden.<\/p>\n<p>&nbsp;<\/p>\n<p><img loading=\"lazy\" decoding=\"async\" class=\"aligncenter size-full wp-image-4322\" src=\"https:\/\/ploff.net\/wp-content\/uploads\/2021\/02\/BA-245-Flower-2-scaled.jpg\" alt=\"\" width=\"2560\" height=\"1920\" srcset=\"https:\/\/ploff.net\/wp-content\/uploads\/2021\/02\/BA-245-Flower-2-scaled.jpg 2560w, https:\/\/ploff.net\/wp-content\/uploads\/2021\/02\/BA-245-Flower-2-300x225.jpg 300w, https:\/\/ploff.net\/wp-content\/uploads\/2021\/02\/BA-245-Flower-2-1024x768.jpg 1024w, https:\/\/ploff.net\/wp-content\/uploads\/2021\/02\/BA-245-Flower-2-768x576.jpg 768w, https:\/\/ploff.net\/wp-content\/uploads\/2021\/02\/BA-245-Flower-2-1536x1152.jpg 1536w, https:\/\/ploff.net\/wp-content\/uploads\/2021\/02\/BA-245-Flower-2-2048x1536.jpg 2048w, https:\/\/ploff.net\/wp-content\/uploads\/2021\/02\/BA-245-Flower-2-67x50.jpg 67w\" sizes=\"auto, (max-width: 2560px) 100vw, 2560px\" \/><\/p>\n<p>&nbsp;<\/p>\n<p>Por \u00faltimo, lo que <strong>s\u00e9 hacer<\/strong>, lo hago. Y lo que <strong>no s\u00e9 hacer<\/strong>, lo averiguo, o busco al m\u00e1s capacitado para hacerlo, y <em>si me puede explicar alguito a la pasada, mejor<\/em>, por m\u00e1s que no entienda nada del vocabulario del rubro. Y en paralelo, siempre, seguir capacit\u00e1ndome, estudiando, y leyendo, para mantener a la mente afilada, atenta a su rol de <strong>representante planetario<\/strong>\u2026<\/p>\n<p>&nbsp;<\/p>\n<p><strong>\u00a1Tranquilo Planeta querido, querida Madre Tierra\u2026! <\/strong><\/p>\n<p><em>\u00a1Que ya el 2% est\u00e1 despierto y contagiando al 20% de la poblaci\u00f3n mundial!<\/em><\/p>\n<p><strong>\u00a1&amp; el 20% no es minor\u00eda!<\/strong><\/p>\n<p>&nbsp;<\/p>\n<p><img loading=\"lazy\" decoding=\"async\" class=\"aligncenter size-full wp-image-4326\" src=\"https:\/\/ploff.net\/wp-content\/uploads\/2021\/02\/BA-245-HUMANS-Steve-Cutts.jpg\" alt=\"\" width=\"553\" height=\"800\" srcset=\"https:\/\/ploff.net\/wp-content\/uploads\/2021\/02\/BA-245-HUMANS-Steve-Cutts.jpg 553w, https:\/\/ploff.net\/wp-content\/uploads\/2021\/02\/BA-245-HUMANS-Steve-Cutts-207x300.jpg 207w, https:\/\/ploff.net\/wp-content\/uploads\/2021\/02\/BA-245-HUMANS-Steve-Cutts-36x52.jpg 36w\" sizes=\"auto, (max-width: 553px) 100vw, 553px\" \/><\/p>\n<p><u>Traducci\u00f3n:<\/u> (Planeta Tierra) <em>\u00bfAlguna buena noticia, doc? <\/em>(Dr. Saturno) <em>Bueno\u2026 sus resultados llegaron\u2026 Pueda que quiera sentarse\u2026 Odio decirle esto pero\u2026 usted tiene HUMANOS! <\/em><\/p>\n<p>&nbsp;<\/p>\n<p>\u00a1Ser\u00e1 hasta el oto\u00f1o! \u00a1Saludos!<\/p>\n<p>Ing. Brian Longstaff.<\/p>\n<p>&nbsp;<\/p>\n<p><img loading=\"lazy\" decoding=\"async\" class=\"aligncenter size-full wp-image-4328\" src=\"https:\/\/ploff.net\/wp-content\/uploads\/2021\/02\/BA-245-Noche.jpg\" alt=\"\" width=\"1600\" height=\"1200\" srcset=\"https:\/\/ploff.net\/wp-content\/uploads\/2021\/02\/BA-245-Noche.jpg 1600w, https:\/\/ploff.net\/wp-content\/uploads\/2021\/02\/BA-245-Noche-300x225.jpg 300w, https:\/\/ploff.net\/wp-content\/uploads\/2021\/02\/BA-245-Noche-1024x768.jpg 1024w, https:\/\/ploff.net\/wp-content\/uploads\/2021\/02\/BA-245-Noche-768x576.jpg 768w, https:\/\/ploff.net\/wp-content\/uploads\/2021\/02\/BA-245-Noche-1536x1152.jpg 1536w, https:\/\/ploff.net\/wp-content\/uploads\/2021\/02\/BA-245-Noche-67x50.jpg 67w\" sizes=\"auto, (max-width: 1600px) 100vw, 1600px\" \/><\/p>\n<p>&nbsp;<\/p>\n<p>&nbsp;<\/p>\n<p><u>AGRADECIMIENTOS.<\/u><\/p>\n<p>Gracias a mis patrocinadores\u2026 por confiar en mi arte de comunicar y permitirme seguir haci\u00e9ndolo en este a\u00f1o tan convexo, obtuso y desafiante. Gracias a ellas y ellos, que desde sus lugares en Argentina (Capital Federal y aleda\u00f1os, Chascom\u00fas y La Pampa), Australia, Nueva Zelanda, Inglaterra, Alemania, Espa\u00f1a y Estados Unidos, forman una red a la cual no le importan los nacionalismos, y\u00a0 hacen que todo esto pueda <strong><em>seguir siendo<\/em><\/strong>. \u00a1Gracias (por orden de incorporaci\u00f3n) a Lucila Masera, Mar\u00eda Carla Gallini, Leon Zaldivar Jarabo, Eduardo Wydler, Alexander Longstaff, Lihuel Peinetti, Mar\u00eda Eugenia Varela, Pilar Pag\u00e9s, Mar\u00eda Jos\u00e9 Howard, Agust\u00edn Estala, Alison Longstaff, Sabrina Tellini, Gustavo Nervegna, Laura Pagani, John Kleuser y Mat\u00edas Masera! Tambi\u00e9n dar las gracias a \u2018Bow &amp; Tie Micro Roastery\u2019, por su apoyo argento-neozeland\u00e9s.<\/p>\n<p>\u00a1Vos tambi\u00e9n podes ayudar a respaldar a Ploff en Patreon! Ingresando a: <a href=\"https:\/\/www.patreon.com\/ploffawareness\">https:\/\/www.patreon.com\/ploffawareness<\/a><\/p>\n<p>&nbsp;<\/p>\n<p>&nbsp;<\/p>\n<p><u>REFERENCIAS:<\/u><\/p>\n<p>\u201cColapso: \u00bfel \u00fanico escenario realista?\u201d Por Arthur Keller: <a href=\"https:\/\/www.youtube.com\/watch?v=kLzNPEjHHb8\">https:\/\/www.youtube.com\/watch?v=kLzNPEjHHb8<\/a><\/p>\n<p>La primera y \u00faltima imagen, pertenece a Steve Cutts: <a href=\"http:\/\/www.stevecutts.com\">www.stevecutts.com<\/a><\/p>","protected":false},"excerpt":{"rendered":"<p>Sorry, this entry is only available in Espa\u00f1ol. For the sake of viewer convenience, the content is shown below in the alternative language. You may click the link to switch the active language.&nbsp; C\u00f3mo cambiar el mundo, pr\u00e1cticamente hablando. &nbsp; \u00a1Llamado a la solidaridad personal! \u00bfSoy feliz con lo que hago\u2026? &nbsp; (Traducci\u00f3n: Ya no [&hellip;]<\/p>\n","protected":false},"author":2,"featured_media":4328,"comment_status":"open","ping_status":"open","sticky":false,"template":"","format":"standard","meta":{"_monsterinsights_skip_tracking":false,"_monsterinsights_sitenote_active":false,"_monsterinsights_sitenote_note":"","_monsterinsights_sitenote_category":0,"footnotes":""},"categories":[2],"tags":[974,1019,1020,408],"class_list":["post-4331","post","type-post","status-publish","format-standard","has-post-thumbnail","hentry","category-boletin","tag-agroecologia","tag-arthur-keller","tag-colapso","tag-steve-cutts"],"yoast_head":"<!-- This site is optimized with the Yoast SEO plugin v24.3 - https:\/\/yoast.com\/wordpress\/plugins\/seo\/ -->\n<title>(Espa\u00f1ol) BA 245 - C\u00f3mo cambiar el mundo, pr\u00e1cticamente hablando. - Ploff.net<\/title>\n<meta name=\"robots\" content=\"index, follow, max-snippet:-1, max-image-preview:large, max-video-preview:-1\" \/>\n<link rel=\"canonical\" href=\"https:\/\/ploff.net\/en\/ba-245-como-cambiar-el-mundo-practicamente-hablando\/\" \/>\n<meta property=\"og:locale\" content=\"en_US\" \/>\n<meta property=\"og:type\" content=\"article\" \/>\n<meta property=\"og:title\" content=\"(Espa\u00f1ol) BA 245 - C\u00f3mo cambiar el mundo, pr\u00e1cticamente hablando. - Ploff.net\" \/>\n<meta property=\"og:description\" content=\"Sorry, this entry is only available in Espa\u00f1ol. For the sake of viewer convenience, the content is shown below in the alternative language. You may click the link to switch the active language.&nbsp; C\u00f3mo cambiar el mundo, pr\u00e1cticamente hablando. &nbsp; \u00a1Llamado a la solidaridad personal! \u00bfSoy feliz con lo que hago\u2026? &nbsp; (Traducci\u00f3n: Ya no [&hellip;]\" \/>\n<meta property=\"og:url\" content=\"https:\/\/ploff.net\/en\/ba-245-como-cambiar-el-mundo-practicamente-hablando\/\" \/>\n<meta property=\"og:site_name\" content=\"Ploff.net\" \/>\n<meta property=\"article:publisher\" content=\"https:\/\/www.facebook.com\/ploffnet\/\" \/>\n<meta property=\"article:published_time\" content=\"2021-02-11T22:39:40+00:00\" \/>\n<meta property=\"og:image\" content=\"https:\/\/ploff.net\/wp-content\/uploads\/2021\/02\/BA-245-Noche.jpg\" \/>\n\t<meta property=\"og:image:width\" content=\"1600\" \/>\n\t<meta property=\"og:image:height\" content=\"1200\" \/>\n\t<meta property=\"og:image:type\" content=\"image\/jpeg\" \/>\n<meta name=\"author\" content=\"Brian Longstaff\" \/>\n<meta name=\"twitter:card\" content=\"summary_large_image\" \/>\n<meta name=\"twitter:label1\" content=\"Written by\" \/>\n\t<meta name=\"twitter:data1\" content=\"Brian Longstaff\" \/>\n\t<meta name=\"twitter:label2\" content=\"Est. reading time\" \/>\n\t<meta name=\"twitter:data2\" content=\"8 minutes\" \/>\n<script type=\"application\/ld+json\" class=\"yoast-schema-graph\">{\"@context\":\"https:\/\/schema.org\",\"@graph\":[{\"@type\":\"Article\",\"@id\":\"https:\/\/ploff.net\/en\/ba-245-como-cambiar-el-mundo-practicamente-hablando\/#article\",\"isPartOf\":{\"@id\":\"https:\/\/ploff.net\/en\/ba-245-como-cambiar-el-mundo-practicamente-hablando\/\"},\"author\":{\"name\":\"Brian Longstaff\",\"@id\":\"https:\/\/ploff.net\/#\/schema\/person\/50f4145b8c3f93374cec32f352d4244a\"},\"headline\":\"(Espa\u00f1ol) BA 245 &#8211; C\u00f3mo cambiar el mundo, pr\u00e1cticamente hablando.\",\"datePublished\":\"2021-02-11T22:39:40+00:00\",\"dateModified\":\"2021-02-11T22:39:40+00:00\",\"mainEntityOfPage\":{\"@id\":\"https:\/\/ploff.net\/en\/ba-245-como-cambiar-el-mundo-practicamente-hablando\/\"},\"wordCount\":1687,\"commentCount\":0,\"publisher\":{\"@id\":\"https:\/\/ploff.net\/#organization\"},\"image\":{\"@id\":\"https:\/\/ploff.net\/en\/ba-245-como-cambiar-el-mundo-practicamente-hablando\/#primaryimage\"},\"thumbnailUrl\":\"https:\/\/ploff.net\/wp-content\/uploads\/2021\/02\/BA-245-Noche.jpg\",\"keywords\":[\"Agroecolog\u00eda\",\"Arthur Keller\",\"Colapso\",\"Steve Cutts\"],\"articleSection\":[\"Boletin\"],\"inLanguage\":\"en-US\",\"potentialAction\":[{\"@type\":\"CommentAction\",\"name\":\"Comment\",\"target\":[\"https:\/\/ploff.net\/en\/ba-245-como-cambiar-el-mundo-practicamente-hablando\/#respond\"]}]},{\"@type\":\"WebPage\",\"@id\":\"https:\/\/ploff.net\/en\/ba-245-como-cambiar-el-mundo-practicamente-hablando\/\",\"url\":\"https:\/\/ploff.net\/en\/ba-245-como-cambiar-el-mundo-practicamente-hablando\/\",\"name\":\"(Espa\u00f1ol) BA 245 - C\u00f3mo cambiar el mundo, pr\u00e1cticamente hablando. - Ploff.net\",\"isPartOf\":{\"@id\":\"https:\/\/ploff.net\/#website\"},\"primaryImageOfPage\":{\"@id\":\"https:\/\/ploff.net\/en\/ba-245-como-cambiar-el-mundo-practicamente-hablando\/#primaryimage\"},\"image\":{\"@id\":\"https:\/\/ploff.net\/en\/ba-245-como-cambiar-el-mundo-practicamente-hablando\/#primaryimage\"},\"thumbnailUrl\":\"https:\/\/ploff.net\/wp-content\/uploads\/2021\/02\/BA-245-Noche.jpg\",\"datePublished\":\"2021-02-11T22:39:40+00:00\",\"dateModified\":\"2021-02-11T22:39:40+00:00\",\"breadcrumb\":{\"@id\":\"https:\/\/ploff.net\/en\/ba-245-como-cambiar-el-mundo-practicamente-hablando\/#breadcrumb\"},\"inLanguage\":\"en-US\",\"potentialAction\":[{\"@type\":\"ReadAction\",\"target\":[\"https:\/\/ploff.net\/en\/ba-245-como-cambiar-el-mundo-practicamente-hablando\/\"]}]},{\"@type\":\"ImageObject\",\"inLanguage\":\"en-US\",\"@id\":\"https:\/\/ploff.net\/en\/ba-245-como-cambiar-el-mundo-practicamente-hablando\/#primaryimage\",\"url\":\"https:\/\/ploff.net\/wp-content\/uploads\/2021\/02\/BA-245-Noche.jpg\",\"contentUrl\":\"https:\/\/ploff.net\/wp-content\/uploads\/2021\/02\/BA-245-Noche.jpg\",\"width\":1600,\"height\":1200},{\"@type\":\"BreadcrumbList\",\"@id\":\"https:\/\/ploff.net\/en\/ba-245-como-cambiar-el-mundo-practicamente-hablando\/#breadcrumb\",\"itemListElement\":[{\"@type\":\"ListItem\",\"position\":1,\"name\":\"Portada\",\"item\":\"https:\/\/ploff.net\/\"},{\"@type\":\"ListItem\",\"position\":2,\"name\":\"(Espa\u00f1ol) BA 245 &#8211; C\u00f3mo cambiar el mundo, pr\u00e1cticamente hablando.\"}]},{\"@type\":\"WebSite\",\"@id\":\"https:\/\/ploff.net\/#website\",\"url\":\"https:\/\/ploff.net\/\",\"name\":\"Ploff.net - Amor, Paz, Unidad y Amistad\",\"description\":\"Love, Peace, Unity, Friendship.\",\"publisher\":{\"@id\":\"https:\/\/ploff.net\/#organization\"},\"potentialAction\":[{\"@type\":\"SearchAction\",\"target\":{\"@type\":\"EntryPoint\",\"urlTemplate\":\"https:\/\/ploff.net\/?s={search_term_string}\"},\"query-input\":{\"@type\":\"PropertyValueSpecification\",\"valueRequired\":true,\"valueName\":\"search_term_string\"}}],\"inLanguage\":\"en-US\"},{\"@type\":\"Organization\",\"@id\":\"https:\/\/ploff.net\/#organization\",\"name\":\"Ploff\",\"url\":\"https:\/\/ploff.net\/\",\"logo\":{\"@type\":\"ImageObject\",\"inLanguage\":\"en-US\",\"@id\":\"https:\/\/ploff.net\/#\/schema\/logo\/image\/\",\"url\":\"https:\/\/ploff.net\/wp-content\/uploads\/2020\/04\/ploff-logo.jpg\",\"contentUrl\":\"https:\/\/ploff.net\/wp-content\/uploads\/2020\/04\/ploff-logo.jpg\",\"width\":180,\"height\":180,\"caption\":\"Ploff\"},\"image\":{\"@id\":\"https:\/\/ploff.net\/#\/schema\/logo\/image\/\"},\"sameAs\":[\"https:\/\/www.facebook.com\/ploffnet\/\",\"https:\/\/www.youtube.com\/user\/Ploffnet\"]},{\"@type\":\"Person\",\"@id\":\"https:\/\/ploff.net\/#\/schema\/person\/50f4145b8c3f93374cec32f352d4244a\",\"name\":\"Brian Longstaff\",\"image\":{\"@type\":\"ImageObject\",\"inLanguage\":\"en-US\",\"@id\":\"https:\/\/ploff.net\/#\/schema\/person\/image\/\",\"url\":\"https:\/\/secure.gravatar.com\/avatar\/6e54b28b52182bb68ba2cc9bc60c83c6?s=96&d=mm&r=g\",\"contentUrl\":\"https:\/\/secure.gravatar.com\/avatar\/6e54b28b52182bb68ba2cc9bc60c83c6?s=96&d=mm&r=g\",\"caption\":\"Brian Longstaff\"},\"url\":\"https:\/\/ploff.net\/en\/author\/brian\/\"}]}<\/script>\n<!-- \/ Yoast SEO plugin. -->","yoast_head_json":{"title":"(Espa\u00f1ol) BA 245 - C\u00f3mo cambiar el mundo, pr\u00e1cticamente hablando. - Ploff.net","robots":{"index":"index","follow":"follow","max-snippet":"max-snippet:-1","max-image-preview":"max-image-preview:large","max-video-preview":"max-video-preview:-1"},"canonical":"https:\/\/ploff.net\/en\/ba-245-como-cambiar-el-mundo-practicamente-hablando\/","og_locale":"en_US","og_type":"article","og_title":"(Espa\u00f1ol) BA 245 - C\u00f3mo cambiar el mundo, pr\u00e1cticamente hablando. - Ploff.net","og_description":"Sorry, this entry is only available in Espa\u00f1ol. For the sake of viewer convenience, the content is shown below in the alternative language. You may click the link to switch the active language.&nbsp; C\u00f3mo cambiar el mundo, pr\u00e1cticamente hablando. &nbsp; \u00a1Llamado a la solidaridad personal! \u00bfSoy feliz con lo que hago\u2026? &nbsp; (Traducci\u00f3n: Ya no [&hellip;]","og_url":"https:\/\/ploff.net\/en\/ba-245-como-cambiar-el-mundo-practicamente-hablando\/","og_site_name":"Ploff.net","article_publisher":"https:\/\/www.facebook.com\/ploffnet\/","article_published_time":"2021-02-11T22:39:40+00:00","og_image":[{"width":1600,"height":1200,"url":"https:\/\/ploff.net\/wp-content\/uploads\/2021\/02\/BA-245-Noche.jpg","type":"image\/jpeg"}],"author":"Brian Longstaff","twitter_card":"summary_large_image","twitter_misc":{"Written by":"Brian Longstaff","Est. reading time":"8 minutes"},"schema":{"@context":"https:\/\/schema.org","@graph":[{"@type":"Article","@id":"https:\/\/ploff.net\/en\/ba-245-como-cambiar-el-mundo-practicamente-hablando\/#article","isPartOf":{"@id":"https:\/\/ploff.net\/en\/ba-245-como-cambiar-el-mundo-practicamente-hablando\/"},"author":{"name":"Brian Longstaff","@id":"https:\/\/ploff.net\/#\/schema\/person\/50f4145b8c3f93374cec32f352d4244a"},"headline":"(Espa\u00f1ol) BA 245 &#8211; C\u00f3mo cambiar el mundo, pr\u00e1cticamente hablando.","datePublished":"2021-02-11T22:39:40+00:00","dateModified":"2021-02-11T22:39:40+00:00","mainEntityOfPage":{"@id":"https:\/\/ploff.net\/en\/ba-245-como-cambiar-el-mundo-practicamente-hablando\/"},"wordCount":1687,"commentCount":0,"publisher":{"@id":"https:\/\/ploff.net\/#organization"},"image":{"@id":"https:\/\/ploff.net\/en\/ba-245-como-cambiar-el-mundo-practicamente-hablando\/#primaryimage"},"thumbnailUrl":"https:\/\/ploff.net\/wp-content\/uploads\/2021\/02\/BA-245-Noche.jpg","keywords":["Agroecolog\u00eda","Arthur Keller","Colapso","Steve Cutts"],"articleSection":["Boletin"],"inLanguage":"en-US","potentialAction":[{"@type":"CommentAction","name":"Comment","target":["https:\/\/ploff.net\/en\/ba-245-como-cambiar-el-mundo-practicamente-hablando\/#respond"]}]},{"@type":"WebPage","@id":"https:\/\/ploff.net\/en\/ba-245-como-cambiar-el-mundo-practicamente-hablando\/","url":"https:\/\/ploff.net\/en\/ba-245-como-cambiar-el-mundo-practicamente-hablando\/","name":"(Espa\u00f1ol) BA 245 - C\u00f3mo cambiar el mundo, pr\u00e1cticamente hablando. - Ploff.net","isPartOf":{"@id":"https:\/\/ploff.net\/#website"},"primaryImageOfPage":{"@id":"https:\/\/ploff.net\/en\/ba-245-como-cambiar-el-mundo-practicamente-hablando\/#primaryimage"},"image":{"@id":"https:\/\/ploff.net\/en\/ba-245-como-cambiar-el-mundo-practicamente-hablando\/#primaryimage"},"thumbnailUrl":"https:\/\/ploff.net\/wp-content\/uploads\/2021\/02\/BA-245-Noche.jpg","datePublished":"2021-02-11T22:39:40+00:00","dateModified":"2021-02-11T22:39:40+00:00","breadcrumb":{"@id":"https:\/\/ploff.net\/en\/ba-245-como-cambiar-el-mundo-practicamente-hablando\/#breadcrumb"},"inLanguage":"en-US","potentialAction":[{"@type":"ReadAction","target":["https:\/\/ploff.net\/en\/ba-245-como-cambiar-el-mundo-practicamente-hablando\/"]}]},{"@type":"ImageObject","inLanguage":"en-US","@id":"https:\/\/ploff.net\/en\/ba-245-como-cambiar-el-mundo-practicamente-hablando\/#primaryimage","url":"https:\/\/ploff.net\/wp-content\/uploads\/2021\/02\/BA-245-Noche.jpg","contentUrl":"https:\/\/ploff.net\/wp-content\/uploads\/2021\/02\/BA-245-Noche.jpg","width":1600,"height":1200},{"@type":"BreadcrumbList","@id":"https:\/\/ploff.net\/en\/ba-245-como-cambiar-el-mundo-practicamente-hablando\/#breadcrumb","itemListElement":[{"@type":"ListItem","position":1,"name":"Portada","item":"https:\/\/ploff.net\/"},{"@type":"ListItem","position":2,"name":"(Espa\u00f1ol) BA 245 &#8211; C\u00f3mo cambiar el mundo, pr\u00e1cticamente hablando."}]},{"@type":"WebSite","@id":"https:\/\/ploff.net\/#website","url":"https:\/\/ploff.net\/","name":"Ploff.net - Amor, Paz, Unidad y Amistad","description":"Love, Peace, Unity, Friendship.","publisher":{"@id":"https:\/\/ploff.net\/#organization"},"potentialAction":[{"@type":"SearchAction","target":{"@type":"EntryPoint","urlTemplate":"https:\/\/ploff.net\/?s={search_term_string}"},"query-input":{"@type":"PropertyValueSpecification","valueRequired":true,"valueName":"search_term_string"}}],"inLanguage":"en-US"},{"@type":"Organization","@id":"https:\/\/ploff.net\/#organization","name":"Ploff","url":"https:\/\/ploff.net\/","logo":{"@type":"ImageObject","inLanguage":"en-US","@id":"https:\/\/ploff.net\/#\/schema\/logo\/image\/","url":"https:\/\/ploff.net\/wp-content\/uploads\/2020\/04\/ploff-logo.jpg","contentUrl":"https:\/\/ploff.net\/wp-content\/uploads\/2020\/04\/ploff-logo.jpg","width":180,"height":180,"caption":"Ploff"},"image":{"@id":"https:\/\/ploff.net\/#\/schema\/logo\/image\/"},"sameAs":["https:\/\/www.facebook.com\/ploffnet\/","https:\/\/www.youtube.com\/user\/Ploffnet"]},{"@type":"Person","@id":"https:\/\/ploff.net\/#\/schema\/person\/50f4145b8c3f93374cec32f352d4244a","name":"Brian Longstaff","image":{"@type":"ImageObject","inLanguage":"en-US","@id":"https:\/\/ploff.net\/#\/schema\/person\/image\/","url":"https:\/\/secure.gravatar.com\/avatar\/6e54b28b52182bb68ba2cc9bc60c83c6?s=96&d=mm&r=g","contentUrl":"https:\/\/secure.gravatar.com\/avatar\/6e54b28b52182bb68ba2cc9bc60c83c6?s=96&d=mm&r=g","caption":"Brian Longstaff"},"url":"https:\/\/ploff.net\/en\/author\/brian\/"}]}},"_links":{"self":[{"href":"https:\/\/ploff.net\/en\/wp-json\/wp\/v2\/posts\/4331","targetHints":{"allow":["GET"]}}],"collection":[{"href":"https:\/\/ploff.net\/en\/wp-json\/wp\/v2\/posts"}],"about":[{"href":"https:\/\/ploff.net\/en\/wp-json\/wp\/v2\/types\/post"}],"author":[{"embeddable":true,"href":"https:\/\/ploff.net\/en\/wp-json\/wp\/v2\/users\/2"}],"replies":[{"embeddable":true,"href":"https:\/\/ploff.net\/en\/wp-json\/wp\/v2\/comments?post=4331"}],"version-history":[{"count":2,"href":"https:\/\/ploff.net\/en\/wp-json\/wp\/v2\/posts\/4331\/revisions"}],"predecessor-version":[{"id":4333,"href":"https:\/\/ploff.net\/en\/wp-json\/wp\/v2\/posts\/4331\/revisions\/4333"}],"wp:featuredmedia":[{"embeddable":true,"href":"https:\/\/ploff.net\/en\/wp-json\/wp\/v2\/media\/4328"}],"wp:attachment":[{"href":"https:\/\/ploff.net\/en\/wp-json\/wp\/v2\/media?parent=4331"}],"wp:term":[{"taxonomy":"category","embeddable":true,"href":"https:\/\/ploff.net\/en\/wp-json\/wp\/v2\/categories?post=4331"},{"taxonomy":"post_tag","embeddable":true,"href":"https:\/\/ploff.net\/en\/wp-json\/wp\/v2\/tags?post=4331"}],"curies":[{"name":"wp","href":"https:\/\/api.w.org\/{rel}","templated":true}]}}