{"id":4336,"date":"2021-04-02T19:08:52","date_gmt":"2021-04-02T22:08:52","guid":{"rendered":"https:\/\/ploff.net\/?p=4336"},"modified":"2021-04-02T22:39:29","modified_gmt":"2021-04-03T01:39:29","slug":"ba-246-el-morboso-pesimismo-de-malthus-la-desinformacion-minera-en-el-bolson-el-poder-transformador-de-una-vane","status":"publish","type":"post","link":"https:\/\/ploff.net\/en\/ba-246-el-morboso-pesimismo-de-malthus-la-desinformacion-minera-en-el-bolson-el-poder-transformador-de-una-vane\/","title":{"rendered":"BA 246"},"content":{"rendered":"<p class=\"qtranxs-available-languages-message qtranxs-available-languages-message-en\">Sorry, this entry is only available in <a href=\"https:\/\/ploff.net\/es\/wp-json\/wp\/v2\/posts\/4336\" class=\"qtranxs-available-language-link qtranxs-available-language-link-es\" title=\"Espa\u00f1ol\">Espa\u00f1ol<\/a>. For the sake of viewer convenience, the content is shown below in the alternative language. You may click the link to switch the active language.<\/p><p><strong><u>El Morboso Pesimismo de Malthus, la Desinformaci\u00f3n Minera en El Bols\u00f3n &amp; el Poder Transformador de Una Vane.<\/u><\/strong><\/p>\n<p>&nbsp;<\/p>\n<p>&nbsp;<\/p>\n<p><u>Advertencia:<\/u><\/p>\n<p>&nbsp;<\/p>\n<p><img loading=\"lazy\" decoding=\"async\" class=\"aligncenter size-full wp-image-4347\" src=\"https:\/\/ploff.net\/wp-content\/uploads\/2021\/04\/BA-246-Little-Princes-Hat.jpg\" alt=\"\" width=\"480\" height=\"358\" srcset=\"https:\/\/ploff.net\/wp-content\/uploads\/2021\/04\/BA-246-Little-Princes-Hat.jpg 480w, https:\/\/ploff.net\/wp-content\/uploads\/2021\/04\/BA-246-Little-Princes-Hat-300x224.jpg 300w, https:\/\/ploff.net\/wp-content\/uploads\/2021\/04\/BA-246-Little-Princes-Hat-67x50.jpg 67w\" sizes=\"auto, (max-width: 480px) 100vw, 480px\" \/><\/p>\n<p>&nbsp;<\/p>\n<p>(este es mi propio \u201csombrerito\u201d de \u201cEl Principito\u201d, <em>pa\u2019 separar la paja del trigo<\/em> en materia de lectores incr\u00e9dul@s, d@rmidos, y l@s que est\u00e1n conscientes) <strong><em>Antes <\/em><\/strong>de tildarme de conspiranoico -lo cual, claramente y a esta altura del partido, ya no me importa- o de extremista, alarmista, colapsista, pesimista, zurdito, fundamentalista, por favor tener a bien leer al menos la primera cita transcripta y traducida a continuaci\u00f3n, para ver c\u00f3mo resuena en uno mismo.<\/p>\n<p>Si te sent\u00eds indignad@, continu\u00e1 leyendo confiad@ de que la informaci\u00f3n que vas a encontrar vibra en sinton\u00eda con <strong>intentar desandar esta triste y descorazonada realidad\u2026<\/strong><\/p>\n<p>&nbsp;<\/p>\n<p><img loading=\"lazy\" decoding=\"async\" class=\"aligncenter size-full wp-image-4350\" src=\"https:\/\/ploff.net\/wp-content\/uploads\/2021\/04\/BA-246-R.-Buckminster-Fuller.jpg\" alt=\"\" width=\"1067\" height=\"611\" srcset=\"https:\/\/ploff.net\/wp-content\/uploads\/2021\/04\/BA-246-R.-Buckminster-Fuller.jpg 1067w, https:\/\/ploff.net\/wp-content\/uploads\/2021\/04\/BA-246-R.-Buckminster-Fuller-300x172.jpg 300w, https:\/\/ploff.net\/wp-content\/uploads\/2021\/04\/BA-246-R.-Buckminster-Fuller-1024x586.jpg 1024w, https:\/\/ploff.net\/wp-content\/uploads\/2021\/04\/BA-246-R.-Buckminster-Fuller-768x440.jpg 768w, https:\/\/ploff.net\/wp-content\/uploads\/2021\/04\/BA-246-R.-Buckminster-Fuller-67x38.jpg 67w\" sizes=\"auto, (max-width: 1067px) 100vw, 1067px\" \/><\/p>\n<p>&nbsp;<\/p>\n<p>\u201cLo que yo llamo <em>el Juego Mundial<\/em> es ahora un ejercicio que he estado siguiendo por much\u00edsimos a\u00f1os. Y comenz\u00f3 conmigo estando en la Armada de los Estados Unidos. Los tiempos de la Primera Guerra Mundial.<\/p>\n<p>En ese momento, la Armada representaba las inversiones de toda la ciencia, toda la qu\u00edmica, toda la f\u00edsica, toda la matem\u00e1tica conocida sobre nuestro universo. Y yo estaba <em>shokeado<\/em> que tan s\u00f3lo estaba yendo en esta cosa negativa de matar\u2026 Tenemos esta tecnolog\u00eda extraordinaria\u2026 El Hombre no estaba haciendo nada con ese tipo de precisi\u00f3n sobre la tierra en relaci\u00f3n con hacer del Hombre un \u00e9xito.<\/p>\n<p>R\u00e1pidamente se hizo evidente que la raz\u00f3n de ser fundamental en todos nuestros oficios estatales se bas\u00f3 en Thomas Malthus\u2026<\/p>\n<p>&nbsp;<\/p>\n<p><img loading=\"lazy\" decoding=\"async\" class=\"aligncenter size-full wp-image-4348\" src=\"https:\/\/ploff.net\/wp-content\/uploads\/2021\/04\/BA-246-MalthusThanos.jpg\" alt=\"\" width=\"990\" height=\"600\" srcset=\"https:\/\/ploff.net\/wp-content\/uploads\/2021\/04\/BA-246-MalthusThanos.jpg 990w, https:\/\/ploff.net\/wp-content\/uploads\/2021\/04\/BA-246-MalthusThanos-300x182.jpg 300w, https:\/\/ploff.net\/wp-content\/uploads\/2021\/04\/BA-246-MalthusThanos-768x465.jpg 768w, https:\/\/ploff.net\/wp-content\/uploads\/2021\/04\/BA-246-MalthusThanos-67x41.jpg 67w\" sizes=\"auto, (max-width: 990px) 100vw, 990px\" \/><\/p>\n<p>&nbsp;<\/p>\n<p>Ahora, Thomas Malthus era el servidor cient\u00edfico de los amos de la Tierra de la \u00e9poca. Fue el primer economista en la historia del hombre en recibir las estad\u00edsticas vitales totales de alrededor de la tierra esf\u00e9rica y en 1800, escribi\u00f3 su primer libro, donde dijo que aparentemente el hombre se estaba reproduciendo a s\u00ed mismo mucho m\u00e1s r\u00e1pidamente que produciendo bienes para mantenerse. Por lo tanto, muy triste, pero se supone que el hombre es un fracaso.<\/p>\n<p>\u00bfDebemos informar a todo el mundo, siendo que el mundo entero de esa \u00e9poca era m\u00e1s del 90% analfabeto y no pod\u00eda ni siquiera leer ninguna informaci\u00f3n si se les enviaba? \u00bfDeber\u00edamos intentar informar a todo el mundo\u2026? No hay ning\u00fan lugar suficiente para todos\u2026 Si nos dividimos en partes iguales, todos moriremos juntos lentamente&#8230; Y eso, eso, eso, eso no les parec\u00eda l\u00f3gico en absoluto\u2026<\/p>\n<p>Dijeron: <em>\u2018Lo que podemos hacer es lo siguiente: <strong>todas estas personas de aqu\u00ed son ignorantes<\/strong> de lo que sabemos y, debido a que son ignorantes, <strong>creen<\/strong> que tienen algo de esperanza. Y sabemos que la mayor\u00eda de ellos no tienen esperanzas. \u00bfPor qu\u00e9\u2026, por qu\u00e9 eliminar su esperanza? Van a morir, pobres personajes, y bien podr\u00edan dejarlos morir en la ignorancia\u2019..<\/em>. <strong>Ignorancia y esperanza<\/strong>\u2026 <strong>Esto es lo m\u00e1s amable que se puede hacer. Y eso es exactamente lo que hicieron\u2026<\/strong>\u201d &#8211; Richard Buckminster Fuller \u2013 Boston College \u2013 1970<\/p>\n<p>&nbsp;<\/p>\n<p><img loading=\"lazy\" decoding=\"async\" class=\"aligncenter size-full wp-image-4340\" src=\"https:\/\/ploff.net\/wp-content\/uploads\/2021\/04\/BA-246-Businessmen-Steve-Cutts.jpg\" alt=\"\" width=\"1894\" height=\"1172\" srcset=\"https:\/\/ploff.net\/wp-content\/uploads\/2021\/04\/BA-246-Businessmen-Steve-Cutts.jpg 1894w, https:\/\/ploff.net\/wp-content\/uploads\/2021\/04\/BA-246-Businessmen-Steve-Cutts-300x186.jpg 300w, https:\/\/ploff.net\/wp-content\/uploads\/2021\/04\/BA-246-Businessmen-Steve-Cutts-1024x634.jpg 1024w, https:\/\/ploff.net\/wp-content\/uploads\/2021\/04\/BA-246-Businessmen-Steve-Cutts-768x475.jpg 768w, https:\/\/ploff.net\/wp-content\/uploads\/2021\/04\/BA-246-Businessmen-Steve-Cutts-1536x950.jpg 1536w, https:\/\/ploff.net\/wp-content\/uploads\/2021\/04\/BA-246-Businessmen-Steve-Cutts-67x41.jpg 67w\" sizes=\"auto, (max-width: 1894px) 100vw, 1894px\" \/><\/p>\n<p>&nbsp;<\/p>\n<p>Ese fue &#8211;<em>\u00a1y es!<\/em>&#8211; \u2018el Plan\u2019 detr\u00e1s de toda la sarta-de-maniobras pol\u00edtico-econ\u00f3micas que vemos alrededor del mundo, bambole\u00e1ndose entre gobiernos populistas y gobiernos neoliberales como un columpio. Maniobras exacerbadas a\u00fan m\u00e1s en pandemia, aplicadas por <strong>gobiernos que, <em>en vez de ser \u2018del pueblo, por el pueblo y para el pueblo\u2019<\/em>, defienden los intereses mucho m\u00e1s all\u00e1 de las grandes corporaciones, sino de \u2018los hombres detr\u00e1s de la cortina\u2019<\/strong>: banqueros, magnates, y otros pocos mal-intencionados personajes oscuros de nuestra sociedad humana.<\/p>\n<p>El mundo parece el mundo del rev\u00e9s, donde <em>lo que<\/em> <em>no parece<\/em>, <strong>es<\/strong>, y donde<em> lo que parece<\/em>, <strong>no es<\/strong>. Los medios de desinformaci\u00f3n buscan antagonizar en vez de informar, cosa de que el ciudadano de a pie siga de a pie, yendo a laburar, sin entender los verdaderos porqu\u00e9s de todo lo que ve.<\/p>\n<p>Pagar las cuentas, llegar a fin de mes, sin cuestionar el statu quo, ese pareciera ser el objetivo con tanto mareo medi\u00e1tico en tiempos de pandemia. <em>Quedate en casa<\/em>, mientras que todo afuera sigue igual: Extractivismo, Neocolonialismo y un Estado Controlador que ni Orwell ni Foucault pudieron predecir mejor. <em>Quedate en casa<\/em>, que afuera los ecosistemas se colapsan, y la onda es que ni te enteres al respecto\u2026<\/p>\n<p>En enero de este a\u00f1o <strong>nuestros bosques en El Bols\u00f3n, en el sur de Am\u00e9rica Latina, comenzaron a arder<\/strong>, y siguen los focos hasta el d\u00eda de hoy, despu\u00e9s de m\u00e1s de 2 meses de desconcierto y <em>fake-news<\/em>.<\/p>\n<p>&nbsp;<\/p>\n<div id=\"attachment_4339\" style=\"width: 1930px\" class=\"wp-caption aligncenter\"><img loading=\"lazy\" decoding=\"async\" aria-describedby=\"caption-attachment-4339\" class=\"size-full wp-image-4339\" src=\"https:\/\/ploff.net\/wp-content\/uploads\/2021\/04\/BA-246-Bolson-Fire-by-Alejandro-Chaskielberg.jpg\" alt=\"\" width=\"1920\" height=\"1080\" srcset=\"https:\/\/ploff.net\/wp-content\/uploads\/2021\/04\/BA-246-Bolson-Fire-by-Alejandro-Chaskielberg.jpg 1920w, https:\/\/ploff.net\/wp-content\/uploads\/2021\/04\/BA-246-Bolson-Fire-by-Alejandro-Chaskielberg-300x169.jpg 300w, https:\/\/ploff.net\/wp-content\/uploads\/2021\/04\/BA-246-Bolson-Fire-by-Alejandro-Chaskielberg-1024x576.jpg 1024w, https:\/\/ploff.net\/wp-content\/uploads\/2021\/04\/BA-246-Bolson-Fire-by-Alejandro-Chaskielberg-768x432.jpg 768w, https:\/\/ploff.net\/wp-content\/uploads\/2021\/04\/BA-246-Bolson-Fire-by-Alejandro-Chaskielberg-1536x864.jpg 1536w, https:\/\/ploff.net\/wp-content\/uploads\/2021\/04\/BA-246-Bolson-Fire-by-Alejandro-Chaskielberg-67x38.jpg 67w\" sizes=\"auto, (max-width: 1920px) 100vw, 1920px\" \/><p id=\"caption-attachment-4339\" class=\"wp-caption-text\">Vista del incendio forestal cerca de El Bolson, en la cara Este del Cerro Piltriquitr\u00f3n. Tomada el 06 de Febrero 2021 desde el camino hacia Puerto Patriada en El Hoyo. by Alejandro Chaskielberg<\/p><\/div>\n<p>&nbsp;<\/p>\n<p>\u00bfQui\u00e9nes lo iniciaron? \u00bfCu\u00e1les son los motivos morbosos detr\u00e1s de esto?<\/p>\n<p>Dif\u00edcil intentar construir una Verdad entre tanta mentira.<\/p>\n<p>Por mi parte, tengo bien formada mi opini\u00f3n acerca de la miner\u00eda\u2026 Opini\u00f3n que me antagoniz\u00f3 con algunos profesores y profesionales del sector (o subvencionados por el sector). Opini\u00f3n sentada sobre las bases del sentido com\u00fan, sobre los conocimientos adquiridos en mi formaci\u00f3n como ingeniero en recursos naturales y medio ambiente, y sobre mi entendimiento econ\u00f3mico, social y pol\u00edtico detr\u00e1s <em>(bien detr\u00e1s)<\/em> de dicha actividad.<\/p>\n<p>Existen varios <em>mitos<\/em> alrededor de la megaminer\u00eda\u2026<\/p>\n<p>En un trabajo del 2011, titulado <em>\u201c15 mitos y realidades de la miner\u00eda transnacional en Argentina: gu\u00eda para <strong>desmontar el imaginario prominero<\/strong>\u201d<\/em> (citado al final), varios autores van desmitificando la mentira discursiva de los pol\u00edticos que nos venden la miner\u00eda como la salvaci\u00f3n de los pueblos con desempleo\u2026 Quienes no est\u00e9n de acuerdo con estas declaraciones, h\u00e1ganse \u2013<em>despu\u00e9s de cuestionarse de d\u00f3nde proviene esa opini\u00f3n pre-establecida por tu inconsciente<\/em>&#8211; un tiempito para leer el fabuloso trabajo de 174 carillas\u2026 A las 15 oraciones que siguen, les pueden agregar un <em>\u201c\u00a1JA!\u201d<\/em> bien grande al final\u2026<\/p>\n<p>\u201cMito 1: Son fundamentalistas, est\u00e1n en contra de todo tipo de miner\u00eda.<\/p>\n<p>Mito 2: La miner\u00eda es un \u201cmotor de desarrollo\u201d que impulsa la econom\u00eda nacional.<\/p>\n<p>Mito 3: La miner\u00eda genera empleo y crecimiento econ\u00f3mico local.<\/p>\n<p>Mito 4: La miner\u00eda crea muchos puestos de trabajo indirectos.<\/p>\n<p>Mito 5: La miner\u00eda se instala en zonas postergadas, crea un c\u00edrculo virtuoso, genera desarrollo y eleva el nivel de vida de la poblaci\u00f3n.<\/p>\n<p>Mito 6. Los beneficios de la miner\u00eda se quedan en los pa\u00edses donde se extraen los minerales, y las empresas contribuyen con el pago de diferentes impuestos en el desarrollo del pa\u00eds.<\/p>\n<p>Mito 7: La miner\u00eda puede ser limpia, no contamina el ambiente, y se puede hacer sin riesgos ambientales. Hay una soluci\u00f3n t\u00e9cnica para cada problema ambiental.<\/p>\n<p>Mito 8: Los emprendimientos cumplen con exigentes regulaciones ambientales y la miner\u00eda es la \u00fanica actividad regulada por una ley ambiental en nuestro pa\u00eds.<\/p>\n<p>Mito 9: Ning\u00fan proyecto minero se hace sin el consentimiento previo de las comunidades involucradas.<\/p>\n<p>Mito 10: La miner\u00eda fortalece el tejido social, reduce la migraci\u00f3n y la descomposici\u00f3n de las comunidades.<\/p>\n<p>Mito 11: Las empresas transnacionales garantizan transparencia y libertad de opini\u00f3n en cuanto a la evaluaci\u00f3n de sus actividades<\/p>\n<p>Mito 12: Cada pa\u00eds es aut\u00f3nomo y soberano en sus relaciones con empresas mineras transnacionales. Las empresas mineras transnacionales respetan el marco legal de los pa\u00edses donde operan.<\/p>\n<p>Mito 13. Las empresas transnacionales se comportan con responsabilidad social empresarial, robusteciendo el tejido socioecon\u00f3mico de la zona.<\/p>\n<p>Mito 14. Los que se oponen a la miner\u00eda a gran escala, nacional o trasnacional, no tienen alternativas de desarrollo.<\/p>\n<p>Mito 15: Am\u00e9rica tiene un destino mineral. Sin desarrollo minero, no hay futuro para nuestras sociedades.\u201d<\/p>\n<p>&nbsp;<\/p>\n<p>&nbsp;<\/p>\n<p><img loading=\"lazy\" decoding=\"async\" class=\"aligncenter size-full wp-image-4342\" src=\"https:\/\/ploff.net\/wp-content\/uploads\/2021\/04\/BA-246-Donde-hubo-fuego-mineras-quedan.jpg\" alt=\"\" width=\"540\" height=\"546\" srcset=\"https:\/\/ploff.net\/wp-content\/uploads\/2021\/04\/BA-246-Donde-hubo-fuego-mineras-quedan.jpg 540w, https:\/\/ploff.net\/wp-content\/uploads\/2021\/04\/BA-246-Donde-hubo-fuego-mineras-quedan-297x300.jpg 297w, https:\/\/ploff.net\/wp-content\/uploads\/2021\/04\/BA-246-Donde-hubo-fuego-mineras-quedan-51x52.jpg 51w\" sizes=\"auto, (max-width: 540px) 100vw, 540px\" \/><\/p>\n<p>&nbsp;<\/p>\n<p>M\u00e1s que ir a las cl\u00e1sicas Fuentes (televisi\u00f3n, radio, peri\u00f3dico), prefiero <strong><em>ir a Las Voces de actores sociales clave<\/em><\/strong>, que son mucha mejor fuente que las fuentes que solemos manejar, porque ya no le creo a los que dicen informarnos de la Realidad.<\/p>\n<p>As\u00ed que lo que hice fue contactarme, hace unos d\u00edas atr\u00e1s, con <em>mi hermiga<\/em>, la Vane Bernal, que vive hace a\u00f1os en el Bols\u00f3n, para que me cuente un poco <em>c\u00f3mo estaba la situaci\u00f3n all\u00e1<\/em> desde sus vivencias, y para que me diga c\u00f3mo poder ayudarla, ya que ella forma parte del <strong>Grupo de Vecinos Autoconvocados en Defensa del Bosque<\/strong>, que llevan adelante tareas culturales para concientizar a la opini\u00f3n p\u00fablica, a la vez que tareas de re-construcci\u00f3n de viviendas para los y las daminificadxs de los incendios.<\/p>\n<p>&nbsp;<\/p>\n<p><img loading=\"lazy\" decoding=\"async\" class=\"aligncenter size-full wp-image-4346\" src=\"https:\/\/ploff.net\/wp-content\/uploads\/2021\/04\/BA-246-GVADB-Viviendas.jpg\" alt=\"\" width=\"714\" height=\"957\" srcset=\"https:\/\/ploff.net\/wp-content\/uploads\/2021\/04\/BA-246-GVADB-Viviendas.jpg 714w, https:\/\/ploff.net\/wp-content\/uploads\/2021\/04\/BA-246-GVADB-Viviendas-224x300.jpg 224w, https:\/\/ploff.net\/wp-content\/uploads\/2021\/04\/BA-246-GVADB-Viviendas-39x52.jpg 39w\" sizes=\"auto, (max-width: 714px) 100vw, 714px\" \/><\/p>\n<p>&nbsp;<\/p>\n<p>Si bien est\u00e1n aceptando <strong>donaciones monetarias<\/strong> (al final de este art\u00edculo podr\u00e1n encontrar el CBU para hacer donaciones a la causa), hoy en d\u00eda es a\u00fan m\u00e1s importante lograr que fluyan hacia ellos <strong>donaciones f\u00edsicas<\/strong> para poder seguir reconstruyendo viviendas, como por ejemplo: <em>carpas, bolsas de dormir, alambre, nylon de 400 micrones, bombas hidr\u00e1ulicas, grupos electr\u00f3genos, mangueras de \u00be y \u00bd pulgada, postes, tablas, aislantes t\u00e9rmicos, clavos de 4-5-6\u2019\u2019, herramientas varias, mamelucos, borcegos, guantes, botas, alimento para ganado (fardos, balanceados), alimento para animales de granja<\/em>, como as\u00ed tambi\u00e9n la <strong>gesti\u00f3n del transporte<\/strong> hasta el lugar.<\/p>\n<p>&nbsp;<\/p>\n<p><em>\u201cHola Briti, como estas? Si\u2026 Estoy ac\u00e1, muy metida en esto desde el principio\u2026 El 24 de enero arranc\u00f3 el primer incendio ac\u00e1 en la comarca, que fue en Cuesta del Ternero y hasta ahora no han parado los incendios\u2026 Me escribi\u00f3 mucha gente y no he tenido tiempo de contestar desde el incendio que comenz\u00f3 ahora el 10 de marzo, que fue ac\u00e1 en zonas pobladas. <strong>Terrible situaci\u00f3n<\/strong>\u2026 \u00a0Estuve el d\u00eda del incendio, fue un caos, subimos y no pudimos hacer nada. Al d\u00eda siguiente por suerte llovi\u00f3 y pudimos subir. <\/em><\/p>\n<p><em>Ahora estamos con las donaciones. <\/em><\/p>\n<p><em>\u00a0<\/em><\/p>\n<p><img loading=\"lazy\" decoding=\"async\" class=\"aligncenter size-full wp-image-4344\" src=\"https:\/\/ploff.net\/wp-content\/uploads\/2021\/04\/BA-246-GVADB-Donaciones-1.jpg\" alt=\"\" width=\"720\" height=\"931\" srcset=\"https:\/\/ploff.net\/wp-content\/uploads\/2021\/04\/BA-246-GVADB-Donaciones-1.jpg 720w, https:\/\/ploff.net\/wp-content\/uploads\/2021\/04\/BA-246-GVADB-Donaciones-1-232x300.jpg 232w, https:\/\/ploff.net\/wp-content\/uploads\/2021\/04\/BA-246-GVADB-Donaciones-1-40x52.jpg 40w\" sizes=\"auto, (max-width: 720px) 100vw, 720px\" \/><\/p>\n<p>&nbsp;<\/p>\n<p><em>Somos un <strong>Grupo de Vecinos Autoconvocados en Defensa del Bosque\u2026<\/strong> Busc\u00e1lo as\u00ed en Instagram, yo particip\u00f3 ah\u00ed de esa grupalidad, de ese movimiento. Somos vecinos. Y a partir de ah\u00ed comenzamos a organizarnos. <\/em><\/p>\n<p><em>Hay brigadistas voluntarios que suben a ayudar con los incendios, a hacer guardias de cenizas. Ahora, que est\u00e1 bastante m\u00e1s calmo, est\u00e1n comenzando a subir para construir las casas de las familias y lugares comunitarios para empezar a guardar las donaciones que van llegando\u2026 <\/em><\/p>\n<p><em>Hay un grupo que se encarga de <strong>comunicaci\u00f3n<\/strong>. Hay un grupo que se encarga de la <strong>tesorer\u00eda<\/strong>. Hay un grupo que se encarga de las <strong>donaciones<\/strong>, en la cual yo estoy como referente y estoy organizando muchos camiones y camionetas que vienen ingresando de todo el pa\u00eds, buscando lugares para descargar y lugares de acopio, buscando gente para bajar los camiones, para clasificar todo lo que llega\u2026 veh\u00edculos que se necesitan para llevar todas las donaciones a territorio\u2026 <\/em><\/p>\n<p><em>\u00a0<\/em><\/p>\n<p><img loading=\"lazy\" decoding=\"async\" class=\"aligncenter size-full wp-image-4345\" src=\"https:\/\/ploff.net\/wp-content\/uploads\/2021\/04\/BA-246-GVADB-Donaciones-2.jpg\" alt=\"\" width=\"714\" height=\"961\" srcset=\"https:\/\/ploff.net\/wp-content\/uploads\/2021\/04\/BA-246-GVADB-Donaciones-2.jpg 714w, https:\/\/ploff.net\/wp-content\/uploads\/2021\/04\/BA-246-GVADB-Donaciones-2-223x300.jpg 223w, https:\/\/ploff.net\/wp-content\/uploads\/2021\/04\/BA-246-GVADB-Donaciones-2-39x52.jpg 39w\" sizes=\"auto, (max-width: 714px) 100vw, 714px\" \/><\/p>\n<p><em>\u00a0<\/em><\/p>\n<p><em>As\u00ed que\u2026 Nada\u2026 estamos a mil\u2026 <strong>somos varios pero tampoco somos tantos\u2026 y somos los de siempre\u2026<\/strong> los que estamos ah\u00ed ayudando un mont\u00f3n poni\u00e9ndole el cuerpo\u2026 poni\u00e9ndole veinte horas al d\u00eda a esta causa\u2026 y ah\u00ed estamos \u201d<\/em> \u2013 Vane Bernal.<\/p>\n<p>\u00a1La Vane\u2026! \u00bfQu\u00e9 decir de la Vane?<\/p>\n<p>Oriunda de La Pampa, se recibi\u00f3 de T\u00e9cnica en Producci\u00f3n Vegetal Intensiva en la UNLPam, y no satisfecha con su formaci\u00f3n, migr\u00f3 a R\u00edo Negro a seguir estudiando la Licenciatura en Agroecolog\u00eda, flamante carrera dictada en la sede andina de la UNRN. Lejos de querer tirarle flores, las cuales se merece en demas\u00eda, con estas credenciales acad\u00e9micas s\u00f3lo busco hacer notar que su camino recorrido en las instituciones acad\u00e9micas va totalmente alineado con su accionar comunitario. Ella siempre encuentra tiempo y energ\u00eda para los dem\u00e1s. Estas l\u00edneas son dedicadas a ella (y a todo el equipo humano con el que ella trabaja codo a codo); quien, agotada, sin energ\u00eda, sin horas de sue\u00f1o, postergando su carrera y a ella misma, pone primero <strong>la defensa del bosque andino<\/strong>. Mientras yo escribo todo esto desde mi lugar <em>yac\u00e1<\/em>, ella est\u00e1 todos los d\u00edas <em>all\u00e1<\/em> gestionando donaciones, hablando con vecinos, reconstruyendo casas, armando movidas culturales para juntar y despabilar a la gente y as\u00ed poder arrojar algo de luz sobre todo este delirio.<\/p>\n<p>&nbsp;<\/p>\n<p><img loading=\"lazy\" decoding=\"async\" class=\"aligncenter size-full wp-image-4343\" src=\"https:\/\/ploff.net\/wp-content\/uploads\/2021\/04\/BA-246-GVADB-Bosque-Quemado.jpg\" alt=\"\" width=\"718\" height=\"969\" srcset=\"https:\/\/ploff.net\/wp-content\/uploads\/2021\/04\/BA-246-GVADB-Bosque-Quemado.jpg 718w, https:\/\/ploff.net\/wp-content\/uploads\/2021\/04\/BA-246-GVADB-Bosque-Quemado-222x300.jpg 222w, https:\/\/ploff.net\/wp-content\/uploads\/2021\/04\/BA-246-GVADB-Bosque-Quemado-39x52.jpg 39w\" sizes=\"auto, (max-width: 718px) 100vw, 718px\" \/><\/p>\n<p>&nbsp;<\/p>\n<p>El mundo ser\u00eda mejor con unas cuantas m\u00e1s Vanes dando vueltas por ah\u00ed, protegiendo a la Pacha en todas sus formas.<\/p>\n<p><strong><u>Un acto colectivo de solidaridad espont\u00e1nea<\/u><\/strong> (tomando un concepto de la pel\u00edcula sociol\u00f3gica \u201cEl Hoyo\u201d)\u2026 eso es lo que necesitamos\u2026 para solucionar Todo\u2026 En este caso particular, para hacer fluir donaciones a la defensa de los bosques en El Bols\u00f3n, y si sale bien \u00e9sta, aunar fuerzas y seguir defendiendo los recursos naturales por nuestra cuenta, auto-gestion\u00e1ndolo nosotros y nosotras\u2026<\/p>\n<p>&nbsp;<\/p>\n<p>\u00bfY por qu\u00e9 nosotros y nosotras? \u00bfPor qu\u00e9 no El Estado o las mismas empresas?<\/p>\n<p><em>\u201cSon un tit\u00e1n de la industria. Pueden hacer lo que quieran. Nada m\u00e1s importa. Pueden pelear contigo todo lo que quieran. (\u2026) Quieren mostrarle al mundo que no sirve de nada luchar. \u00a1Miren, todos, incluso \u00e9l no puede romper el laberinto y ha ayudado a construirlo! \u00a1El sistema est\u00e1 manipulado! Quieren que pensemos que nos proteger\u00e1, pero eso es mentira. Nosotros nos protegemos\u2026 nosotros lo hacemos. Nadie m\u00e1s. No las empresas. No los cient\u00edficos. No el gobierno. Nosotros&#8230; Un agricultor con una educaci\u00f3n de doceavo grado me dijo eso. El primer d\u00eda lo supo\u2026 y yo pens\u00e9 que estaba loco. \u00bfNo es una locura?\u201d <\/em>\u2013 Mark Ruffalo, ficcionando a Robert Bilott, un abogado ambiental estadounidense, conocido por las demandas contra DuPont.<\/p>\n<p>&nbsp;<\/p>\n<p>Y es que ya ven\u2026 que eternamente <strong>vil<\/strong> ser\u00e1 <strong>el Sistema.<\/strong><\/p>\n<p>No importa qui\u00e9n lo quiera contradecir, es as\u00ed\u2026<\/p>\n<p>&nbsp;<\/p>\n<p><strong>Dise\u00f1ado\u2026<\/strong> para atascarnos, amarrarnos, oxidarnos;<\/p>\n<p><strong>concebido\u2026<\/strong> para calcificarte la gl\u00e1ndula pineal <em>m\u00e1s r\u00e1pido<\/em>;<\/p>\n<p><strong>planificado\u2026<\/strong> para deshidratarte <em>m\u00e1s r\u00e1pido<\/em>;<\/p>\n<p><strong>esquematizado\u2026<\/strong> para entumecer tu tercer ojo y abobar tus chacras <em>m\u00e1s r\u00e1pido<\/em>;<\/p>\n<p><strong>sugerido\u2026<\/strong> para que mires al costado;<\/p>\n<p><strong>programado\u2026<\/strong> para que sigas al reba\u00f1o, sin preguntar <strong>por qu\u00e9<\/strong> ni a<strong> d\u00f3nde<\/strong> vamos\u2026<\/p>\n<p>&nbsp;<\/p>\n<p>&amp; es que hay \u201cNEGOCIO\u201d en todos lados\u2026<\/p>\n<p>&amp; <strong>todos est\u00e1n entongados con todos<\/strong>.<\/p>\n<p>&amp; si uno logra alentar masivamente hacia la PAZ, lo hacen boleta\u2026<\/p>\n<p>\u00a1LennonLincolnKingKennedyGandhi y d\u00e9jalo ah\u00ed!<\/p>\n<p>&nbsp;<\/p>\n<p><strong><em>\u00a1Y las cosas de las que me enter\u00e9, que la escuela nunca me cont\u00f3!<\/em><\/strong><\/p>\n<p><strong><em>\u00a1Que las elites financieras &amp; los bancos! <\/em><\/strong><\/p>\n<p><strong><em>\u00a1Que las petroleras &amp; las mineras! <\/em><\/strong><\/p>\n<p><strong><em>\u00a1Que los extractivistas &amp; los agronegociadores! <\/em><\/strong><\/p>\n<p><strong><em>\u00a1Que los corruptos &amp; los magnates!<\/em><\/strong><\/p>\n<p><strong>\u00a0<\/strong><\/p>\n<p><strong>Ninguno<\/strong> <em>se la juega\u2026 <\/em><\/p>\n<p><strong>Ninguno<\/strong> <em>va a querer cambiar\u2026<\/em><\/p>\n<p><strong>S\u00f3lo nosotros y nosotras podemos cambiar<\/strong>,<\/p>\n<p><em>eligiendo\u2026<\/em> la NO COMPLICIDAD con Todo esto\u2026<\/p>\n<p><em>siguiendo\u2026<\/em> cada uno de nuestros pagos y centavos,<\/p>\n<p>hacia arriba, entendiendo <em>hacia d\u00f3nde<\/em> termina yendo<\/p>\n<p>todo nuestro dinero\/<strong>Tiempo<\/strong>.<\/p>\n<p><strong>Tiempo<\/strong>,<\/p>\n<p>Es todo lo que tenemos,<\/p>\n<p>Y todo lo que se empe\u00f1an en sacarnos.<\/p>\n<p>&nbsp;<\/p>\n<p>Por eso\u2026 <strong><em>\u00a1\u00a1\u00a1No te doblegues Nunca HUMANO!!!<\/em><\/strong><\/p>\n<p><strong><em>\u00a0<\/em><\/strong><\/p>\n<p>Por eso, <em>apag\u00e1 la tele, cerr\u00e1 los diarios, y busc\u00e1 otra manera de informarte\u2026<\/em> empezando por medios alternativos de informaci\u00f3n, donde el periodismo no est\u00e9 sobornado, sino que sea un periodismo independiente\u2026 Independiente de los grandes <em>\u2018lobbies\u2019<\/em> econ\u00f3micos que manejan como marionetas a nuestros pol\u00edticos. Y digo apag\u00e1 la tele y los diarios, porque son los medios tradicionales los que encuentro demonizando a los buenos e indultando a los culpables.<\/p>\n<p>&nbsp;<\/p>\n<p>Hasta ah\u00ed llego.<\/p>\n<p><em>\u00a1Saludos desde la resistencia!<\/em><\/p>\n<p>&nbsp;<\/p>\n<p>Ing. Brian Longstaff.-<\/p>\n<p>&nbsp;<\/p>\n<p>&nbsp;<\/p>\n<p><strong>Pd:<\/strong> Para cerrar, dejarlos con un ejemplo de medio alternativo independiente de informaci\u00f3n period\u00edstica con una cuota de humor: <em>\u201cPa\u00eds de Boludos\u201d<\/em>, en su especial de formato original: <strong><em>\u201cChubut en llamas\u201d<\/em><\/strong>:<\/p>\n<p>&nbsp;<\/p>\n<iframe loading=\"lazy\"  id=\"_ytid_40284\"  width=\"900\" height=\"506\"  data-origwidth=\"900\" data-origheight=\"506\" src=\"https:\/\/www.youtube.com\/embed\/DP5ELtjTCbk?enablejsapi=1&autoplay=0&cc_load_policy=0&cc_lang_pref=&iv_load_policy=1&loop=0&modestbranding=0&rel=1&fs=1&playsinline=0&autohide=2&theme=dark&color=red&controls=1&\" class=\"__youtube_prefs__  no-lazyload\" title=\"YouTube player\"  allow=\"fullscreen; accelerometer; autoplay; clipboard-write; encrypted-media; gyroscope; picture-in-picture\" allowfullscreen data-no-lazy=\"1\" data-skipgform_ajax_framebjll=\"\"><\/iframe>\n<p>&nbsp;<\/p>\n<p>Y otro del formato de noticiero semanal \u201cPDB de tardecita\u201d del d\u00eda jueves 4 de marzo, donde se ve el caso de sobornos mineros del diputado Antonio Sebastian Lopez\u2026 una verg\u00fcenza\u2026<\/p>\n<p>&nbsp;<\/p>\n<iframe loading=\"lazy\"  id=\"_ytid_52857\"  width=\"900\" height=\"506\"  data-origwidth=\"900\" data-origheight=\"506\" src=\"https:\/\/www.youtube.com\/embed\/DSCcFddlEjo?enablejsapi=1&autoplay=0&cc_load_policy=0&cc_lang_pref=&iv_load_policy=1&loop=0&modestbranding=0&rel=1&fs=1&playsinline=0&autohide=2&theme=dark&color=red&controls=1&\" class=\"__youtube_prefs__  no-lazyload\" title=\"YouTube player\"  allow=\"fullscreen; accelerometer; autoplay; clipboard-write; encrypted-media; gyroscope; picture-in-picture\" allowfullscreen data-no-lazy=\"1\" data-skipgform_ajax_framebjll=\"\"><\/iframe>\n<p>&nbsp;<\/p>\n<p>&nbsp;<\/p>\n<p><strong><u>Agradecimientos:<\/u><\/strong><\/p>\n<p>Much\u00edsimas gracias a mis patrocinadores, que me permiten lograr que todo esto siga sucediendo: <em>Lucila Masera, Mar\u00eda Carla Gallini, Leon Zaldivar Jarabo, Eduardo Wydler, Alexander Longstaff, Lihuel Peinetti, Mar\u00eda Eugenia Varela, Pilar Pag\u00e9s, Mar\u00eda Jos\u00e9 Howard, Agust\u00edn Estala, Alison Longstaff, Sabrina Tellini, Gustavo Nervegna, Laura Pagani, John Kleuser, Mat\u00edas Masera, Mariana Pagella y Carlos Ezequiel Benvenuto Manarin<\/em>. Tambi\u00e9n dar las gracias a \u2018Bow &amp; Tie Micro Roastery\u2019 por su patrocinio.<\/p>\n<p>\u00a1Vos tambi\u00e9n podes ayudar a respaldar a Ploff en Patreon! Ingresando a: <a href=\"https:\/\/www.patreon.com\/ploffawareness\">https:\/\/www.patreon.com\/ploffawareness<\/a><\/p>\n<p>&nbsp;<\/p>\n<p><img loading=\"lazy\" decoding=\"async\" class=\"aligncenter size-full wp-image-4349\" src=\"https:\/\/ploff.net\/wp-content\/uploads\/2021\/04\/BA-246-Patreon-Cover-scaled.jpg\" alt=\"\" width=\"2560\" height=\"640\" srcset=\"https:\/\/ploff.net\/wp-content\/uploads\/2021\/04\/BA-246-Patreon-Cover-scaled.jpg 2560w, https:\/\/ploff.net\/wp-content\/uploads\/2021\/04\/BA-246-Patreon-Cover-300x75.jpg 300w, https:\/\/ploff.net\/wp-content\/uploads\/2021\/04\/BA-246-Patreon-Cover-1024x256.jpg 1024w, https:\/\/ploff.net\/wp-content\/uploads\/2021\/04\/BA-246-Patreon-Cover-768x192.jpg 768w, https:\/\/ploff.net\/wp-content\/uploads\/2021\/04\/BA-246-Patreon-Cover-1536x384.jpg 1536w, https:\/\/ploff.net\/wp-content\/uploads\/2021\/04\/BA-246-Patreon-Cover-2048x512.jpg 2048w, https:\/\/ploff.net\/wp-content\/uploads\/2021\/04\/BA-246-Patreon-Cover-67x17.jpg 67w\" sizes=\"auto, (max-width: 2560px) 100vw, 2560px\" \/><\/p>\n<p>&nbsp;<\/p>\n<p>&nbsp;<\/p>\n<p><strong><u>Donaciones para el Grupo de Vecinos Autoconvocadxs en Defensa del Bosque:<\/u><\/strong><\/p>\n<p>Importante: poner Tipo: VARIOS; Descripci\u00f3n: &#8220;Donaci\u00f3n&#8221;<\/p>\n<p><img loading=\"lazy\" decoding=\"async\" class=\"aligncenter size-full wp-image-4341\" src=\"https:\/\/ploff.net\/wp-content\/uploads\/2021\/04\/BA-246-Donaciones-Defensa-Bosque.jpg\" alt=\"\" width=\"1125\" height=\"264\" srcset=\"https:\/\/ploff.net\/wp-content\/uploads\/2021\/04\/BA-246-Donaciones-Defensa-Bosque.jpg 1125w, https:\/\/ploff.net\/wp-content\/uploads\/2021\/04\/BA-246-Donaciones-Defensa-Bosque-300x70.jpg 300w, https:\/\/ploff.net\/wp-content\/uploads\/2021\/04\/BA-246-Donaciones-Defensa-Bosque-1024x240.jpg 1024w, https:\/\/ploff.net\/wp-content\/uploads\/2021\/04\/BA-246-Donaciones-Defensa-Bosque-768x180.jpg 768w, https:\/\/ploff.net\/wp-content\/uploads\/2021\/04\/BA-246-Donaciones-Defensa-Bosque-67x16.jpg 67w\" sizes=\"auto, (max-width: 1125px) 100vw, 1125px\" \/><\/p>\n<p>&nbsp;<\/p>\n<p>&nbsp;<\/p>\n<p><strong><em><u>\u00a1Fuentes pa\u2019 desconfiad@s y curios@s!<\/u><\/em><\/strong><\/p>\n<p>&#8211; <strong>\u201c15 mitos y realidades de la miner\u00eda transnacional en Argentina : gu\u00eda para desmontar el imaginario prominero\u201d<\/strong> (2011). Consejo Latinoamericano de Ciencias Sociales (CLACSO). Link al trabajo disponible para descargar: <a href=\"http:\/\/biblioteca.clacso.edu.ar\/Argentina\/iigg-uba\/20161025033400\/15mitos.pdf\">http:\/\/biblioteca.clacso.edu.ar\/Argentina\/iigg-uba\/20161025033400\/15mitos.pdf<\/a> &#8211; Contexto: <em>\u201cEste libro est\u00e1 pensado como una caja de herramientas y, a la vez, como un instrumento de lucha pol\u00edtica. Fue concebido colectivamente al calor de la campa\u00f1a en favor de la ley nacional de protecci\u00f3n de los glaciares, sancionada por el Congreso nacional en septiembre de 2010, en un momento en el cual deb\u00edamos responder punto por punto los argumentos falaces y los indicadores econ\u00f3micos muchas veces mentirosos esgrimidos por el lobby minero\u201d<\/em>.<\/p>\n<p>&#8211; La foto de <strong>El Bols\u00f3n incendi\u00e1ndose de noche<\/strong>, pertenece a Alejandro Chaskielberg.<\/p>\n<p>&#8211; La foto de los <strong>empresarios<\/strong> d\u00e1ndose la mano, cag\u00e1ndose en la Tierra, dibujada, es de Steve Cutts.<\/p>\n<p>&#8211; La foto de los <strong>pol\u00edticos<\/strong> d\u00e1ndose la mano, cag\u00e1ndose en la Tierra, es del trabajo de difusi\u00f3n de diversos actores sociales en la lucha hace a\u00f1os contra las mineras.<\/p>\n<p>&#8211; La cita de Richard Buckminster Fuller fue tomada de la primera escena de la pel\u00edcula <strong>\u201cInterreflections\u201d<\/strong> (2020) \u2013 Escrita, Producida, Dirigida y Editada por <strong>Peter Joseph<\/strong>: creador del documental <strong>\u201cZeitgeist\u201d<\/strong> (2007), quien, cansado de escupir verdades y vivir escondido, se volc\u00f3 a la ficci\u00f3n, pan y circo\u2026). Link a Interreflections: <a href=\"https:\/\/cuevana3.io\/36579\/interreflections\">https:\/\/cuevana3.io\/36579\/interreflections<\/a> &#8211; Link a Zeitgeist: <a href=\"https:\/\/www.youtube.com\/watch?v=pC2jnGZlVtE&amp;t=5142s\">https:\/\/www.youtube.com\/watch?v=pC2jnGZlVtE&amp;t=5142s<\/a><\/p>\n<p>&#8211; Cita Original de Richard Buckminster Fuller, Boston College, 1970:<\/p>\n<p>\u201cWhat I call the World Game now is an exercise that I have been following through for a great many years. And it started with my being in the United States Navy. The time of World War One. At that time, the Navy&#8217;s represented investment of all the science, all the chemistry, all the physics, all the mathematics known about our universe. And I was shocked that it was only going in this negative thing of killing. We have this extraordinary technology. Men would not doing anything with that kind of accuracy on the land in relation to try to make man a success.<\/p>\n<p>It became very quickly apparent that the fundamental <em>raison d&#8217;etre<\/em> in all of our state craft<br \/>\nwas based on Thomas Malthus. Now, Thomas Malthus was the scientific servant of the masters of the earth of the time. He the first economist in the history of man to receive the total Vital Statistics from around the spherical earth and in 1800, he wrote his first book, which he said apparently man was reproducing himself much more rapidly than producing good to support himself. Therefore, very sad, but man is supposed to be a failure.<\/p>\n<p>Shall we inform the whole world, the whole world of that time being more than 90% illiterate and unable to then even read any information if it was sent to them. Should we try to inform the whole world? There is nowhere nearly enough to go around. If we divide up evenly all die slowly together. And that, that, that, that didn&#8217;t seem logical to them at all.<\/p>\n<p>They said, <em>\u2018What we can do is a following: all these people out here are ignorant of what we know about and because they&#8217;re ignorant, they think they have some hope. And we know they don&#8217;t have hope most of them. Why, why eliminate their hope? They&#8217;re going to die poor characters, and might as well let them die in ignorance.\u2019<\/em><strong> Ignorance and hope. <\/strong>This is the kindest thing to do. And that&#8217;s exactly what they did do.\u201d<\/p>\n<p>&#8211; La frase de los gobiernos que son <em>\u2018del pueblo, por el pueblo y para el pueblo\u2019<\/em> es una adaptaci\u00f3n de un discurso dado por Abraham Lincoln el 19 de Noviembre de 1863.<\/p>\n<p>&#8211; \u00daltima cita tomada y traducida del guion de la pel\u00edcula DARK WATERS (2019, <em>Aguas Oscuras<\/em>), basada en la historia real del abogado que se anim\u00f3 a denunciar a DuPont por contaminar al 99% de la poblaci\u00f3n mundial con el qu\u00edmico PFOA. Link a la Pel\u00edcula: <a href=\"https:\/\/cuevana3.io\/25608\/dark-waters\">https:\/\/cuevana3.io\/25608\/dark-waters<\/a> &#8211; Cita Original:<\/p>\n<p><em>\u201cThey&#8217;re a titan of industry. They can do whatever the hell they want. Nothing else matters. They can fight you all they want. (\u2026) They want to show the world that it&#8217;s no use fighting. Look, everybody, even he can&#8217;t crack the maze and he&#8217;s helped build it! The system is rigged! They want us to think it&#8217;ll protect us, but that&#8217;s a lie. We protect us. We do. Nobody else. Not the companies. Not the scientists. Not the government. Us\u2026 A farmer with a 12th grade education told me that. On day one, he knew and I thought he was crazy. Isn&#8217;t that crazy?\u201d<\/em><\/p>\n<p>&nbsp;<\/p>\n<p>Y si le\u00edste hasta ac\u00e1\u2026 mi m\u00e1s sincero respeto y agradecimiento =)<\/p>\n<p>&nbsp;<\/p>","protected":false},"excerpt":{"rendered":"<p>Sorry, this entry is only available in Espa\u00f1ol. For the sake of viewer convenience, the content is shown below in the alternative language. You may click the link to switch the active language.El Morboso Pesimismo de Malthus, la Desinformaci\u00f3n Minera en El Bols\u00f3n &amp; el Poder Transformador de Una Vane. &nbsp; &nbsp; Advertencia: &nbsp; &nbsp; [&hellip;]<\/p>\n","protected":false},"author":2,"featured_media":4339,"comment_status":"open","ping_status":"open","sticky":false,"template":"","format":"standard","meta":{"_monsterinsights_skip_tracking":false,"_monsterinsights_sitenote_active":false,"_monsterinsights_sitenote_note":"","_monsterinsights_sitenote_category":0,"footnotes":""},"categories":[2],"tags":[1021,1031,1034,1026,1028,1027,1025,1032,1035,294,1024,1023,342,1033,1030,1029,461,1022],"class_list":["post-4336","post","type-post","status-publish","format-standard","has-post-thumbnail","hentry","category-boletin","tag-arcioni","tag-dark-waters","tag-dupont","tag-fuller","tag-grupo-de-vecinos-autoconvocados-en-defensa-del-bosque","tag-interreflections","tag-malthus","tag-mark-ruffalo","tag-megamineria","tag-mineria","tag-pais-de-boludos","tag-pdb","tag-peter-joseph","tag-robert-bilott","tag-vane-bernal","tag-vanesa-beranl","tag-zeitgeist","tag-zonificacion"],"yoast_head":"<!-- This site is optimized with the Yoast SEO plugin v24.3 - https:\/\/yoast.com\/wordpress\/plugins\/seo\/ -->\n<title>BA 246 - Ploff.net<\/title>\n<meta name=\"robots\" content=\"index, follow, max-snippet:-1, max-image-preview:large, max-video-preview:-1\" \/>\n<link rel=\"canonical\" href=\"https:\/\/ploff.net\/en\/ba-246-el-morboso-pesimismo-de-malthus-la-desinformacion-minera-en-el-bolson-el-poder-transformador-de-una-vane\/\" \/>\n<meta property=\"og:locale\" content=\"en_US\" \/>\n<meta property=\"og:type\" content=\"article\" \/>\n<meta property=\"og:title\" content=\"BA 246 - Ploff.net\" \/>\n<meta property=\"og:description\" content=\"Sorry, this entry is only available in Espa\u00f1ol. For the sake of viewer convenience, the content is shown below in the alternative language. You may click the link to switch the active language.El Morboso Pesimismo de Malthus, la Desinformaci\u00f3n Minera en El Bols\u00f3n &amp; el Poder Transformador de Una Vane. &nbsp; &nbsp; Advertencia: &nbsp; &nbsp; [&hellip;]\" \/>\n<meta property=\"og:url\" content=\"https:\/\/ploff.net\/en\/ba-246-el-morboso-pesimismo-de-malthus-la-desinformacion-minera-en-el-bolson-el-poder-transformador-de-una-vane\/\" \/>\n<meta property=\"og:site_name\" content=\"Ploff.net\" \/>\n<meta property=\"article:publisher\" content=\"https:\/\/www.facebook.com\/ploffnet\/\" \/>\n<meta property=\"article:published_time\" content=\"2021-04-02T22:08:52+00:00\" \/>\n<meta property=\"article:modified_time\" content=\"2021-04-03T01:39:29+00:00\" \/>\n<meta property=\"og:image\" content=\"https:\/\/ploff.net\/wp-content\/uploads\/2021\/04\/BA-246-Bolson-Fire-by-Alejandro-Chaskielberg.jpg\" \/>\n\t<meta property=\"og:image:width\" content=\"1920\" \/>\n\t<meta property=\"og:image:height\" content=\"1080\" \/>\n\t<meta property=\"og:image:type\" content=\"image\/jpeg\" \/>\n<meta name=\"author\" content=\"Brian Longstaff\" \/>\n<meta name=\"twitter:card\" content=\"summary_large_image\" \/>\n<meta name=\"twitter:label1\" content=\"Written by\" \/>\n\t<meta name=\"twitter:data1\" content=\"Brian Longstaff\" \/>\n\t<meta name=\"twitter:label2\" content=\"Est. reading time\" \/>\n\t<meta name=\"twitter:data2\" content=\"18 minutes\" \/>\n<script type=\"application\/ld+json\" class=\"yoast-schema-graph\">{\"@context\":\"https:\/\/schema.org\",\"@graph\":[{\"@type\":\"Article\",\"@id\":\"https:\/\/ploff.net\/en\/ba-246-el-morboso-pesimismo-de-malthus-la-desinformacion-minera-en-el-bolson-el-poder-transformador-de-una-vane\/#article\",\"isPartOf\":{\"@id\":\"https:\/\/ploff.net\/en\/ba-246-el-morboso-pesimismo-de-malthus-la-desinformacion-minera-en-el-bolson-el-poder-transformador-de-una-vane\/\"},\"author\":{\"name\":\"Brian Longstaff\",\"@id\":\"https:\/\/ploff.net\/#\/schema\/person\/50f4145b8c3f93374cec32f352d4244a\"},\"headline\":\"BA 246\",\"datePublished\":\"2021-04-02T22:08:52+00:00\",\"dateModified\":\"2021-04-03T01:39:29+00:00\",\"mainEntityOfPage\":{\"@id\":\"https:\/\/ploff.net\/en\/ba-246-el-morboso-pesimismo-de-malthus-la-desinformacion-minera-en-el-bolson-el-poder-transformador-de-una-vane\/\"},\"wordCount\":3673,\"commentCount\":0,\"publisher\":{\"@id\":\"https:\/\/ploff.net\/#organization\"},\"image\":{\"@id\":\"https:\/\/ploff.net\/en\/ba-246-el-morboso-pesimismo-de-malthus-la-desinformacion-minera-en-el-bolson-el-poder-transformador-de-una-vane\/#primaryimage\"},\"thumbnailUrl\":\"https:\/\/ploff.net\/wp-content\/uploads\/2021\/04\/BA-246-Bolson-Fire-by-Alejandro-Chaskielberg.jpg\",\"keywords\":[\"arcioni\",\"dark waters\",\"DuPont\",\"fuller\",\"grupo de vecinos autoconvocados en defensa del bosque\",\"interreflections\",\"malthus\",\"mark ruffalo\",\"megaminer\u00eda\",\"Miner\u00eda\",\"pa\u00eds de boludos\",\"pdb\",\"Peter Joseph\",\"robert bilott\",\"Vane Bernal\",\"Vanesa Beranl\",\"Zeitgeist\",\"zonificaci\u00f3n\"],\"articleSection\":[\"Boletin\"],\"inLanguage\":\"en-US\",\"potentialAction\":[{\"@type\":\"CommentAction\",\"name\":\"Comment\",\"target\":[\"https:\/\/ploff.net\/en\/ba-246-el-morboso-pesimismo-de-malthus-la-desinformacion-minera-en-el-bolson-el-poder-transformador-de-una-vane\/#respond\"]}]},{\"@type\":\"WebPage\",\"@id\":\"https:\/\/ploff.net\/en\/ba-246-el-morboso-pesimismo-de-malthus-la-desinformacion-minera-en-el-bolson-el-poder-transformador-de-una-vane\/\",\"url\":\"https:\/\/ploff.net\/en\/ba-246-el-morboso-pesimismo-de-malthus-la-desinformacion-minera-en-el-bolson-el-poder-transformador-de-una-vane\/\",\"name\":\"BA 246 - Ploff.net\",\"isPartOf\":{\"@id\":\"https:\/\/ploff.net\/#website\"},\"primaryImageOfPage\":{\"@id\":\"https:\/\/ploff.net\/en\/ba-246-el-morboso-pesimismo-de-malthus-la-desinformacion-minera-en-el-bolson-el-poder-transformador-de-una-vane\/#primaryimage\"},\"image\":{\"@id\":\"https:\/\/ploff.net\/en\/ba-246-el-morboso-pesimismo-de-malthus-la-desinformacion-minera-en-el-bolson-el-poder-transformador-de-una-vane\/#primaryimage\"},\"thumbnailUrl\":\"https:\/\/ploff.net\/wp-content\/uploads\/2021\/04\/BA-246-Bolson-Fire-by-Alejandro-Chaskielberg.jpg\",\"datePublished\":\"2021-04-02T22:08:52+00:00\",\"dateModified\":\"2021-04-03T01:39:29+00:00\",\"breadcrumb\":{\"@id\":\"https:\/\/ploff.net\/en\/ba-246-el-morboso-pesimismo-de-malthus-la-desinformacion-minera-en-el-bolson-el-poder-transformador-de-una-vane\/#breadcrumb\"},\"inLanguage\":\"en-US\",\"potentialAction\":[{\"@type\":\"ReadAction\",\"target\":[\"https:\/\/ploff.net\/en\/ba-246-el-morboso-pesimismo-de-malthus-la-desinformacion-minera-en-el-bolson-el-poder-transformador-de-una-vane\/\"]}]},{\"@type\":\"ImageObject\",\"inLanguage\":\"en-US\",\"@id\":\"https:\/\/ploff.net\/en\/ba-246-el-morboso-pesimismo-de-malthus-la-desinformacion-minera-en-el-bolson-el-poder-transformador-de-una-vane\/#primaryimage\",\"url\":\"https:\/\/ploff.net\/wp-content\/uploads\/2021\/04\/BA-246-Bolson-Fire-by-Alejandro-Chaskielberg.jpg\",\"contentUrl\":\"https:\/\/ploff.net\/wp-content\/uploads\/2021\/04\/BA-246-Bolson-Fire-by-Alejandro-Chaskielberg.jpg\",\"width\":1920,\"height\":1080,\"caption\":\"Vista del incendio forestal cerca de El Bolson, en la cara Este del Cerro Piltriquitr\u00f3n. Tomada el 06 de Febrero 2021 desde el camino hacia Puerto Patriada en El Hoyo.\"},{\"@type\":\"BreadcrumbList\",\"@id\":\"https:\/\/ploff.net\/en\/ba-246-el-morboso-pesimismo-de-malthus-la-desinformacion-minera-en-el-bolson-el-poder-transformador-de-una-vane\/#breadcrumb\",\"itemListElement\":[{\"@type\":\"ListItem\",\"position\":1,\"name\":\"Portada\",\"item\":\"https:\/\/ploff.net\/\"},{\"@type\":\"ListItem\",\"position\":2,\"name\":\"BA 246\"}]},{\"@type\":\"WebSite\",\"@id\":\"https:\/\/ploff.net\/#website\",\"url\":\"https:\/\/ploff.net\/\",\"name\":\"Ploff.net - Amor, Paz, Unidad y Amistad\",\"description\":\"Love, Peace, Unity, Friendship.\",\"publisher\":{\"@id\":\"https:\/\/ploff.net\/#organization\"},\"potentialAction\":[{\"@type\":\"SearchAction\",\"target\":{\"@type\":\"EntryPoint\",\"urlTemplate\":\"https:\/\/ploff.net\/?s={search_term_string}\"},\"query-input\":{\"@type\":\"PropertyValueSpecification\",\"valueRequired\":true,\"valueName\":\"search_term_string\"}}],\"inLanguage\":\"en-US\"},{\"@type\":\"Organization\",\"@id\":\"https:\/\/ploff.net\/#organization\",\"name\":\"Ploff\",\"url\":\"https:\/\/ploff.net\/\",\"logo\":{\"@type\":\"ImageObject\",\"inLanguage\":\"en-US\",\"@id\":\"https:\/\/ploff.net\/#\/schema\/logo\/image\/\",\"url\":\"https:\/\/ploff.net\/wp-content\/uploads\/2020\/04\/ploff-logo.jpg\",\"contentUrl\":\"https:\/\/ploff.net\/wp-content\/uploads\/2020\/04\/ploff-logo.jpg\",\"width\":180,\"height\":180,\"caption\":\"Ploff\"},\"image\":{\"@id\":\"https:\/\/ploff.net\/#\/schema\/logo\/image\/\"},\"sameAs\":[\"https:\/\/www.facebook.com\/ploffnet\/\",\"https:\/\/www.youtube.com\/user\/Ploffnet\"]},{\"@type\":\"Person\",\"@id\":\"https:\/\/ploff.net\/#\/schema\/person\/50f4145b8c3f93374cec32f352d4244a\",\"name\":\"Brian Longstaff\",\"image\":{\"@type\":\"ImageObject\",\"inLanguage\":\"en-US\",\"@id\":\"https:\/\/ploff.net\/#\/schema\/person\/image\/\",\"url\":\"https:\/\/secure.gravatar.com\/avatar\/6e54b28b52182bb68ba2cc9bc60c83c6?s=96&d=mm&r=g\",\"contentUrl\":\"https:\/\/secure.gravatar.com\/avatar\/6e54b28b52182bb68ba2cc9bc60c83c6?s=96&d=mm&r=g\",\"caption\":\"Brian Longstaff\"},\"url\":\"https:\/\/ploff.net\/en\/author\/brian\/\"}]}<\/script>\n<!-- \/ Yoast SEO plugin. -->","yoast_head_json":{"title":"BA 246 - Ploff.net","robots":{"index":"index","follow":"follow","max-snippet":"max-snippet:-1","max-image-preview":"max-image-preview:large","max-video-preview":"max-video-preview:-1"},"canonical":"https:\/\/ploff.net\/en\/ba-246-el-morboso-pesimismo-de-malthus-la-desinformacion-minera-en-el-bolson-el-poder-transformador-de-una-vane\/","og_locale":"en_US","og_type":"article","og_title":"BA 246 - Ploff.net","og_description":"Sorry, this entry is only available in Espa\u00f1ol. For the sake of viewer convenience, the content is shown below in the alternative language. You may click the link to switch the active language.El Morboso Pesimismo de Malthus, la Desinformaci\u00f3n Minera en El Bols\u00f3n &amp; el Poder Transformador de Una Vane. &nbsp; &nbsp; Advertencia: &nbsp; &nbsp; [&hellip;]","og_url":"https:\/\/ploff.net\/en\/ba-246-el-morboso-pesimismo-de-malthus-la-desinformacion-minera-en-el-bolson-el-poder-transformador-de-una-vane\/","og_site_name":"Ploff.net","article_publisher":"https:\/\/www.facebook.com\/ploffnet\/","article_published_time":"2021-04-02T22:08:52+00:00","article_modified_time":"2021-04-03T01:39:29+00:00","og_image":[{"width":1920,"height":1080,"url":"https:\/\/ploff.net\/wp-content\/uploads\/2021\/04\/BA-246-Bolson-Fire-by-Alejandro-Chaskielberg.jpg","type":"image\/jpeg"}],"author":"Brian Longstaff","twitter_card":"summary_large_image","twitter_misc":{"Written by":"Brian Longstaff","Est. reading time":"18 minutes"},"schema":{"@context":"https:\/\/schema.org","@graph":[{"@type":"Article","@id":"https:\/\/ploff.net\/en\/ba-246-el-morboso-pesimismo-de-malthus-la-desinformacion-minera-en-el-bolson-el-poder-transformador-de-una-vane\/#article","isPartOf":{"@id":"https:\/\/ploff.net\/en\/ba-246-el-morboso-pesimismo-de-malthus-la-desinformacion-minera-en-el-bolson-el-poder-transformador-de-una-vane\/"},"author":{"name":"Brian Longstaff","@id":"https:\/\/ploff.net\/#\/schema\/person\/50f4145b8c3f93374cec32f352d4244a"},"headline":"BA 246","datePublished":"2021-04-02T22:08:52+00:00","dateModified":"2021-04-03T01:39:29+00:00","mainEntityOfPage":{"@id":"https:\/\/ploff.net\/en\/ba-246-el-morboso-pesimismo-de-malthus-la-desinformacion-minera-en-el-bolson-el-poder-transformador-de-una-vane\/"},"wordCount":3673,"commentCount":0,"publisher":{"@id":"https:\/\/ploff.net\/#organization"},"image":{"@id":"https:\/\/ploff.net\/en\/ba-246-el-morboso-pesimismo-de-malthus-la-desinformacion-minera-en-el-bolson-el-poder-transformador-de-una-vane\/#primaryimage"},"thumbnailUrl":"https:\/\/ploff.net\/wp-content\/uploads\/2021\/04\/BA-246-Bolson-Fire-by-Alejandro-Chaskielberg.jpg","keywords":["arcioni","dark waters","DuPont","fuller","grupo de vecinos autoconvocados en defensa del bosque","interreflections","malthus","mark ruffalo","megaminer\u00eda","Miner\u00eda","pa\u00eds de boludos","pdb","Peter Joseph","robert bilott","Vane Bernal","Vanesa Beranl","Zeitgeist","zonificaci\u00f3n"],"articleSection":["Boletin"],"inLanguage":"en-US","potentialAction":[{"@type":"CommentAction","name":"Comment","target":["https:\/\/ploff.net\/en\/ba-246-el-morboso-pesimismo-de-malthus-la-desinformacion-minera-en-el-bolson-el-poder-transformador-de-una-vane\/#respond"]}]},{"@type":"WebPage","@id":"https:\/\/ploff.net\/en\/ba-246-el-morboso-pesimismo-de-malthus-la-desinformacion-minera-en-el-bolson-el-poder-transformador-de-una-vane\/","url":"https:\/\/ploff.net\/en\/ba-246-el-morboso-pesimismo-de-malthus-la-desinformacion-minera-en-el-bolson-el-poder-transformador-de-una-vane\/","name":"BA 246 - Ploff.net","isPartOf":{"@id":"https:\/\/ploff.net\/#website"},"primaryImageOfPage":{"@id":"https:\/\/ploff.net\/en\/ba-246-el-morboso-pesimismo-de-malthus-la-desinformacion-minera-en-el-bolson-el-poder-transformador-de-una-vane\/#primaryimage"},"image":{"@id":"https:\/\/ploff.net\/en\/ba-246-el-morboso-pesimismo-de-malthus-la-desinformacion-minera-en-el-bolson-el-poder-transformador-de-una-vane\/#primaryimage"},"thumbnailUrl":"https:\/\/ploff.net\/wp-content\/uploads\/2021\/04\/BA-246-Bolson-Fire-by-Alejandro-Chaskielberg.jpg","datePublished":"2021-04-02T22:08:52+00:00","dateModified":"2021-04-03T01:39:29+00:00","breadcrumb":{"@id":"https:\/\/ploff.net\/en\/ba-246-el-morboso-pesimismo-de-malthus-la-desinformacion-minera-en-el-bolson-el-poder-transformador-de-una-vane\/#breadcrumb"},"inLanguage":"en-US","potentialAction":[{"@type":"ReadAction","target":["https:\/\/ploff.net\/en\/ba-246-el-morboso-pesimismo-de-malthus-la-desinformacion-minera-en-el-bolson-el-poder-transformador-de-una-vane\/"]}]},{"@type":"ImageObject","inLanguage":"en-US","@id":"https:\/\/ploff.net\/en\/ba-246-el-morboso-pesimismo-de-malthus-la-desinformacion-minera-en-el-bolson-el-poder-transformador-de-una-vane\/#primaryimage","url":"https:\/\/ploff.net\/wp-content\/uploads\/2021\/04\/BA-246-Bolson-Fire-by-Alejandro-Chaskielberg.jpg","contentUrl":"https:\/\/ploff.net\/wp-content\/uploads\/2021\/04\/BA-246-Bolson-Fire-by-Alejandro-Chaskielberg.jpg","width":1920,"height":1080,"caption":"Vista del incendio forestal cerca de El Bolson, en la cara Este del Cerro Piltriquitr\u00f3n. Tomada el 06 de Febrero 2021 desde el camino hacia Puerto Patriada en El Hoyo."},{"@type":"BreadcrumbList","@id":"https:\/\/ploff.net\/en\/ba-246-el-morboso-pesimismo-de-malthus-la-desinformacion-minera-en-el-bolson-el-poder-transformador-de-una-vane\/#breadcrumb","itemListElement":[{"@type":"ListItem","position":1,"name":"Portada","item":"https:\/\/ploff.net\/"},{"@type":"ListItem","position":2,"name":"BA 246"}]},{"@type":"WebSite","@id":"https:\/\/ploff.net\/#website","url":"https:\/\/ploff.net\/","name":"Ploff.net - Amor, Paz, Unidad y Amistad","description":"Love, Peace, Unity, Friendship.","publisher":{"@id":"https:\/\/ploff.net\/#organization"},"potentialAction":[{"@type":"SearchAction","target":{"@type":"EntryPoint","urlTemplate":"https:\/\/ploff.net\/?s={search_term_string}"},"query-input":{"@type":"PropertyValueSpecification","valueRequired":true,"valueName":"search_term_string"}}],"inLanguage":"en-US"},{"@type":"Organization","@id":"https:\/\/ploff.net\/#organization","name":"Ploff","url":"https:\/\/ploff.net\/","logo":{"@type":"ImageObject","inLanguage":"en-US","@id":"https:\/\/ploff.net\/#\/schema\/logo\/image\/","url":"https:\/\/ploff.net\/wp-content\/uploads\/2020\/04\/ploff-logo.jpg","contentUrl":"https:\/\/ploff.net\/wp-content\/uploads\/2020\/04\/ploff-logo.jpg","width":180,"height":180,"caption":"Ploff"},"image":{"@id":"https:\/\/ploff.net\/#\/schema\/logo\/image\/"},"sameAs":["https:\/\/www.facebook.com\/ploffnet\/","https:\/\/www.youtube.com\/user\/Ploffnet"]},{"@type":"Person","@id":"https:\/\/ploff.net\/#\/schema\/person\/50f4145b8c3f93374cec32f352d4244a","name":"Brian Longstaff","image":{"@type":"ImageObject","inLanguage":"en-US","@id":"https:\/\/ploff.net\/#\/schema\/person\/image\/","url":"https:\/\/secure.gravatar.com\/avatar\/6e54b28b52182bb68ba2cc9bc60c83c6?s=96&d=mm&r=g","contentUrl":"https:\/\/secure.gravatar.com\/avatar\/6e54b28b52182bb68ba2cc9bc60c83c6?s=96&d=mm&r=g","caption":"Brian Longstaff"},"url":"https:\/\/ploff.net\/en\/author\/brian\/"}]}},"_links":{"self":[{"href":"https:\/\/ploff.net\/en\/wp-json\/wp\/v2\/posts\/4336","targetHints":{"allow":["GET"]}}],"collection":[{"href":"https:\/\/ploff.net\/en\/wp-json\/wp\/v2\/posts"}],"about":[{"href":"https:\/\/ploff.net\/en\/wp-json\/wp\/v2\/types\/post"}],"author":[{"embeddable":true,"href":"https:\/\/ploff.net\/en\/wp-json\/wp\/v2\/users\/2"}],"replies":[{"embeddable":true,"href":"https:\/\/ploff.net\/en\/wp-json\/wp\/v2\/comments?post=4336"}],"version-history":[{"count":4,"href":"https:\/\/ploff.net\/en\/wp-json\/wp\/v2\/posts\/4336\/revisions"}],"predecessor-version":[{"id":4352,"href":"https:\/\/ploff.net\/en\/wp-json\/wp\/v2\/posts\/4336\/revisions\/4352"}],"wp:featuredmedia":[{"embeddable":true,"href":"https:\/\/ploff.net\/en\/wp-json\/wp\/v2\/media\/4339"}],"wp:attachment":[{"href":"https:\/\/ploff.net\/en\/wp-json\/wp\/v2\/media?parent=4336"}],"wp:term":[{"taxonomy":"category","embeddable":true,"href":"https:\/\/ploff.net\/en\/wp-json\/wp\/v2\/categories?post=4336"},{"taxonomy":"post_tag","embeddable":true,"href":"https:\/\/ploff.net\/en\/wp-json\/wp\/v2\/tags?post=4336"}],"curies":[{"name":"wp","href":"https:\/\/api.w.org\/{rel}","templated":true}]}}