{"id":4396,"date":"2021-09-03T03:04:02","date_gmt":"2021-09-03T06:04:02","guid":{"rendered":"https:\/\/ploff.net\/?p=4396"},"modified":"2021-10-05T20:47:45","modified_gmt":"2021-10-05T23:47:45","slug":"ba-250-los-4-mitos-del-apocalipsis","status":"publish","type":"post","link":"https:\/\/ploff.net\/en\/ba-250-los-4-mitos-del-apocalipsis\/","title":{"rendered":"(Espa\u00f1ol) BA 250 &#8211; Los 4 Mitos del Apocalipsis."},"content":{"rendered":"<p class=\"qtranxs-available-languages-message qtranxs-available-languages-message-en\">Sorry, this entry is only available in <a href=\"https:\/\/ploff.net\/es\/wp-json\/wp\/v2\/posts\/4396\" class=\"qtranxs-available-language-link qtranxs-available-language-link-es\" title=\"Espa\u00f1ol\">Espa\u00f1ol<\/a>. For the sake of viewer convenience, the content is shown below in the alternative language. You may click the link to switch the active language.<\/p><p><strong><u>BA 250 \u2013 Los 4 Mitos del Apocalipsis.<\/u><\/strong><\/p>\n<p>&nbsp;<\/p>\n<p>Voy a intentar ir poniendo mis pensamientos en papel <em>(y despu\u00e9s por ac\u00e1)<\/em> de forma l\u00f3gica y objetiva; pensamientos acerca de lo que est\u00e1 ocurriendo en el mundo, por detr\u00e1s del tel\u00f3n de la pandemia. Todos vamos perdiendo seres queridos\u2026 mientras, por detr\u00e1s, suceden maniobras econ\u00f3micas y de control masivo de las que nos vamos a enterar en pel\u00edculas de drama social y ciencia ficci\u00f3n del futuro.<\/p>\n<p>Da la sensaci\u00f3n, mientras el tiempo pasa, que <strong>los que <u>m\u00e1s<\/u> ten\u00edan<\/strong> ahora tienen m\u00e1s, y de manera m\u00e1s f\u00e1cil; y <strong>los que <u>menos<\/u> ten\u00edan<\/strong>, ahora tienen menos posibilidades de tener lo b\u00e1sico, aumentando as\u00ed los niveles de desigualdad, pero tambi\u00e9n los niveles de desasosiego, malestar, intranquilidad, ansia y desconfianza entre los unos y los otros. Esto, deriva en un aumento en los niveles de deserci\u00f3n escolar y universitaria, depresi\u00f3n, violencia, desempleo, criminalidad, consumo de psicof\u00e1rmacos y cualquier otro medio de escapismo emocional: cualquier tipo de religi\u00f3n, la televisi\u00f3n, los <em>puter\u00edos<\/em> de los que hablan de los dem\u00e1s, todo fanatismo \u2013ya sea con un objeto, un deporte, una persona, un concepto, <em>lo que sea<\/em>-, los falsos \u00edconos, las drogas dopam\u00ednicas, las relaciones t\u00f3xicas, etc.<\/p>\n<p>La gran mayor\u00eda tiene su realidad resumida a <em>SOBREVIVIR<\/em>\u2026 Y, si la energ\u00eda de uno est\u00e1 puesta en <em>sobrevivir<\/em>, se rompe lo gregario, se pierde la camarader\u00eda, se corrompe el cooperativismo y se descose el tejido social\u2026<\/p>\n<p><strong>Biolog\u00eda B\u00e1sica de Poblaciones de Individuos<\/strong>: primero <em>sobrevivir<\/em>, despu\u00e9s crecer\u2026 y luego: todo lo dem\u00e1s. Y reproducirse, claro\u2026 <strong>Analog\u00eda al Humano<\/strong>: primero <em>\u201cllegar a fin de mes\u201d<\/em>, despu\u00e9s so\u00f1ar con una casa propia y vacaciones en Canc\u00fan para poder despu\u00e9s contarlo a los que nunca ir\u00e1n, y despu\u00e9s (si queda tiempo): todo lo dem\u00e1s, l\u00e9ase, lo cultural, lo espiritual, leer un libro, abrazar un \u00e1rbol, las clases de piano, el taller de arte en arcilla, o darse el lujo de no hacer nada por un rato m\u00e1s que contemplar y agradecer, <em>contemplar y agradecer&#8230;<\/em><\/p>\n<p><strong>A\u00f1o y medio de pandemia, y \u00bfqu\u00e9 veo?&#8230; <\/strong><\/p>\n<p><strong>\u00a0<\/strong><\/p>\n<p><img loading=\"lazy\" decoding=\"async\" class=\"aligncenter size-full wp-image-4395\" src=\"https:\/\/ploff.net\/wp-content\/uploads\/2021\/09\/BA-250-Wealth-Transfer.jpg\" alt=\"\" width=\"657\" height=\"397\" srcset=\"https:\/\/ploff.net\/wp-content\/uploads\/2021\/09\/BA-250-Wealth-Transfer.jpg 657w, https:\/\/ploff.net\/wp-content\/uploads\/2021\/09\/BA-250-Wealth-Transfer-300x181.jpg 300w, https:\/\/ploff.net\/wp-content\/uploads\/2021\/09\/BA-250-Wealth-Transfer-67x40.jpg 67w\" sizes=\"auto, (max-width: 657px) 100vw, 657px\" \/><\/p>\n<p>&nbsp;<\/p>\n<p>Veo que el poder adquisitivo de la masa trabajadora se desplom\u00f3, mientras que se produjo una transferencia de riqueza de \u00e9picas proporciones de abajo hacia arriba. Veo un descenso en los niveles de auto-conciencia que va teniendo la gente en general (lo dije y lo repito, <em>ahora la juventud se suicida, en vez de abrazar causas colectivas<\/em>). Veo que la pandemia sigue para los de abajo, mientras que los de arriba no acatan lo que decretan. Veo erosi\u00f3n social, a trav\u00e9s del detrimento de la calidad de las relaciones interpersonales. A medida que las medidas de aislamiento en cada pa\u00eds se convierten en una nueva normalidad, veo brotes de violencia y estallidos de enojo e ira por todos lados, gente que <em>se putea<\/em> en aeropuertos y en la v\u00eda p\u00fablica, gente que <em>se saca<\/em>, gente que ya no tiene paciencia y a la que <em>se le sale la cadena<\/em> ante la m\u00e1s m\u00ednima desemejanza u oposici\u00f3n con el otro. Y mientras tanto, por supuesto, los eventos climatol\u00f3gicos extremos contin\u00faan pegando fuerte, con bardos clim\u00e1ticos que merecen un bolet\u00edn-consciente aparte.<\/p>\n<p>Pongamos un par de n\u00fameros (m\u00e1s para los esc\u00e9pticos que para los intuitivos). Por un lado, tomando como ejemplo-<em>garcante<\/em> a los Estados <em>des<\/em>Unidos, un an\u00e1lisis del Instituto de Estudios Pol\u00edticos de EE.UU. del a\u00f1o 2020 mostr\u00f3 que <em>\u201c<strong>las fortunas<\/strong> de los multimillonarios estadounidenses <strong>aumentaron en $565 mil millones<\/strong> entre el 18 de marzo y el 4 de junio\u201d<\/em>. Adem\u00e1s, <em>\u201cese per\u00edodo de <strong>11 semanas<\/strong> tambi\u00e9n vio a 42,6 millones de estadounidenses presentando solicitudes de desempleo\u201d. <\/em><\/p>\n<p><em>\u00a0<\/em><\/p>\n<p><img loading=\"lazy\" decoding=\"async\" class=\"aligncenter size-full wp-image-4390\" src=\"https:\/\/ploff.net\/wp-content\/uploads\/2021\/09\/BA-250-Billionaires.jpg\" alt=\"\" width=\"362\" height=\"588\" srcset=\"https:\/\/ploff.net\/wp-content\/uploads\/2021\/09\/BA-250-Billionaires.jpg 362w, https:\/\/ploff.net\/wp-content\/uploads\/2021\/09\/BA-250-Billionaires-185x300.jpg 185w, https:\/\/ploff.net\/wp-content\/uploads\/2021\/09\/BA-250-Billionaires-32x52.jpg 32w\" sizes=\"auto, (max-width: 362px) 100vw, 362px\" \/><\/p>\n<p><em>\u00a0<\/em><\/p>\n<p>Recordemos que el 19 de marzo del 2020 comenzaron oficialmente los aislamientos preventivos y obligatorios aqu\u00ed en territorio nacional. Vayamos, enhorabuena, a un ejemplo m\u00e1s nacional y no tan <em>popular<\/em>\u2026<\/p>\n<p>Nico Guthmann, investigador independiente para \u201cPa\u00eds de Boludos\u201d, realiz\u00f3 en agosto del 2020 una investigaci\u00f3n acerca de los <strong>billonarios que ganan hasta en pandemia<\/strong>, donde cuenta: <em>\u201ca principios de este mes me sobresalt\u00e9 con una noticia, Mercado Libre se hab\u00eda convertido en la firma m\u00e1s valiosa de Am\u00e9rica Latina. Sus acciones en la bolsa de Nueva York aumentaron mucho y la empresa lleg\u00f3 a un valor burs\u00e1til de $60.700 millones de d\u00f3lares, <strong>un 30% m\u00e1s de lo que Argentina le debe al FMI<\/strong>. La empresa tuvo un 2020 r\u00e9cord y, seg\u00fan la revista Forbes, Marcos Galper\u00edn, su fundador y CEO, escal\u00f3 al segundo puesto de las personas argentinas m\u00e1s millonarias, con una fortuna personal estimada de $4.200 millones de d\u00f3lares\u201d<\/em>.<\/p>\n<p>Preg\u00fantense, <strong>\u00bfen qu\u00e9 momento las grandes empresas empezaron a ganar m\u00e1s que los pa\u00edses que las contienen, meti\u00e9ndose as\u00ed al bolsillo a pol\u00edticos, jueces, abogados y a todo el sistema democr\u00e1tico?<\/strong> Se ve que la \u201cmano invisible del mercado\u201d era simplemente una excusa mezclada con un moralismo barat\u00edsimo para que los que ya hab\u00edan copado la parada lo sigan haciendo.<\/p>\n<p>&nbsp;<\/p>\n<p>A esto hay que agregarle -para entender todo lo que ocurri\u00f3 a nuestras espaldas en un a\u00f1o y medio de pandemia- que tambi\u00e9n tenemos que tratar de comprender lo que <em>ya ven\u00eda pasando<\/em>: el contexto a trav\u00e9s del cual todo se fue armando para que termine decantando en algo inesperado como lo que estamos viviendo. Manotazos de ahogado, de un sistema corrupto en plena conciencia de que se le termin\u00f3 la fiesta; y los da\u00f1os colaterales ya no se pueden tapar m\u00e1s.<\/p>\n<p><em>\u00a0<\/em><\/p>\n<p><img loading=\"lazy\" decoding=\"async\" class=\"aligncenter size-full wp-image-4394\" src=\"https:\/\/ploff.net\/wp-content\/uploads\/2021\/09\/BA-250-Previa.jpg\" alt=\"\" width=\"835\" height=\"451\" srcset=\"https:\/\/ploff.net\/wp-content\/uploads\/2021\/09\/BA-250-Previa.jpg 835w, https:\/\/ploff.net\/wp-content\/uploads\/2021\/09\/BA-250-Previa-300x162.jpg 300w, https:\/\/ploff.net\/wp-content\/uploads\/2021\/09\/BA-250-Previa-768x415.jpg 768w, https:\/\/ploff.net\/wp-content\/uploads\/2021\/09\/BA-250-Previa-67x36.jpg 67w\" sizes=\"auto, (max-width: 835px) 100vw, 835px\" \/><\/p>\n<p>&nbsp;<\/p>\n<p>A medida que la poblaci\u00f3n humana aumentaba de manera exponencial luego de la revoluci\u00f3n industrial \u2013la cu\u00e1l le dio la materia prima para multiplicarse, <em>la levadura para una masa que no termina de entrar en el molde planetario<\/em>-, tambi\u00e9n lo hizo de manera exponencial los niveles de contaminaci\u00f3n sobre los ecosistemas y deterioro medioambiental general, conforme aumentaba la explotaci\u00f3n de recursos naturales. Por otro lado, el humano en sociedad fue ganando varias batallas sociales, aumentando sus niveles de consciencia y cooperativismo, y ampliando sus derechos civiles y humanos. Esto supuso una p\u00e9rdida de control social por parte de nuestros sistemas de gobernanza\/tradici\u00f3n\/religi\u00f3n, los cuales fueron perdiendo credibilidad.<\/p>\n<p>Pero, adem\u00e1s, <strong>la \u201c<em>biocapacidad<\/em>\u201d<\/strong> nos pone (<em>\u00bfpuso?<\/em>) un techo a la extracci\u00f3n de recursos y producci\u00f3n de bienes, y termina por aminorarlos a\u00fan m\u00e1s cuando <strong>es sobrepasada a\u00f1o tras a\u00f1o, tras a\u00f1o<\/strong>. Los ecosistemas aguantan los embates de nuestras esquilas hasta que quedan degradados a tal punto que dejan de provisionarnos de los servicios ecosist\u00e9micos m\u00e1s b\u00e1sicos (alimento, regulaci\u00f3n clim\u00e1tica, purificaci\u00f3n del agua, etc.), produciendo el colapso del sistema planetario.<\/p>\n<p>La pregunta es\u2026 el colapso ecosist\u00e9mico, \u00bfya pas\u00f3, o est\u00e1 por ocurrir en un futuro cercano\u2026? <em>\u00bfo es que ya est\u00e1 ocurriendo pero no figura en ninguna agenda pol\u00edtica o titular de ning\u00fan medio masivo de desinformaci\u00f3n?<\/em> Con lo cual, no s\u00e9 si debemos colocar esta \u00faltima explicaci\u00f3n <em>por detr\u00e1s<\/em> del primer gr\u00e1fico, o m\u00e1s bien solapar ambos gr\u00e1ficos entre s\u00ed\u2026<\/p>\n<p>&nbsp;<\/p>\n<p><strong><img loading=\"lazy\" decoding=\"async\" class=\"aligncenter size-full wp-image-4391\" src=\"https:\/\/ploff.net\/wp-content\/uploads\/2021\/09\/BA-250-Both-Together.jpg\" alt=\"\" width=\"1334\" height=\"414\" srcset=\"https:\/\/ploff.net\/wp-content\/uploads\/2021\/09\/BA-250-Both-Together.jpg 1334w, https:\/\/ploff.net\/wp-content\/uploads\/2021\/09\/BA-250-Both-Together-300x93.jpg 300w, https:\/\/ploff.net\/wp-content\/uploads\/2021\/09\/BA-250-Both-Together-1024x318.jpg 1024w, https:\/\/ploff.net\/wp-content\/uploads\/2021\/09\/BA-250-Both-Together-768x238.jpg 768w, https:\/\/ploff.net\/wp-content\/uploads\/2021\/09\/BA-250-Both-Together-67x21.jpg 67w\" sizes=\"auto, (max-width: 1334px) 100vw, 1334px\" \/><\/strong><\/p>\n<p>&nbsp;<\/p>\n<p>La decisi\u00f3n es de ustedes, si solapadas o no\u2026. Yo sinceramente a\u00fan no puedo terminar de digerirlo\u2026 <strong>mi gl\u00e1ndula pineal aplaude<\/strong> cada vez que intento <em>meterme a\u00fan m\u00e1s adentro del agujero de conejo\u2026<\/em>\u00a0 Pero no lo puedo evitar. Como dec\u00eda Dante Alighieri: <strong><em>\u201cLos confines m\u00e1s obscuros del infierno est\u00e1n reservados para aquellos que eligen mantenerse neutrales en tiempos de crisis moral\u201d.<\/em><\/strong> Y para el que no se enter\u00f3 a\u00fan, ESTAMOS en un TIEMPO DE CRISIS MORAL\u2026<\/p>\n<p>&nbsp;<\/p>\n<p>Una cosa me quita el sue\u00f1o\u2026 Si yo, como individuo social hago mis propias investigaciones y arribo a estas conclusiones, si \u2013habiendo seguido la norma y la instituci\u00f3n- me gradu\u00e9 de ingeniero en recursos naturales y medio ambiente para intentar tener un entendimiento m\u00e1s integral de estos asuntos, si yo \u2013un simple lector empedernido- puedo SABER esto\u2026 \u00bfacaso nuestros <em>mal llamados<\/em> l\u00edderes no lo saben tambi\u00e9n?<\/p>\n<p>Tratando de ser l\u00f3gico y objetivo, ser\u00eda muy ingenuo o inocente de mi parte creer que NO lo sab\u00edan hace medio siglo atr\u00e1s. Por el contrario\u2026 todo me lleva a intuir que SI lo saben, y que para no generar p\u00e1nico ante un sistema que se cae, y a los fines de, por supuesto, <em>salvarse ellos<\/em>, hicieron lo mejor que pudieron para mantener el mayor grado de control social posible, esclavizando psicol\u00f3gicamente a la mayor\u00eda, rob\u00e1ndose una TORTA de plata, y dej\u00e1ndonos peleando con falsas polaridades\u2026 Me resulta poco cre\u00edble considerar que los gobiernos NO SAB\u00cdAN que los eventos climatol\u00f3gicos extremos -como las sequ\u00edas, inundaciones, huracanes y tsunamis- iban a ser cada vez peores. Poco cre\u00edble, de que no hubi\u00e9semos tenido las herramientas cooperativas para poder evaluar planes de contingencia para salir a flote de esta situaci\u00f3n, si se nos hubiese informado a tiempo.<\/p>\n<p><em>El bardo de las clases sociales del \u201cTitanic\u201d se repite, pero a escala planetaria<\/em>\u2026<\/p>\n<p>Una verg\u00fcenza.<\/p>\n<p>&nbsp;<\/p>\n<p><strong><img loading=\"lazy\" decoding=\"async\" class=\"aligncenter size-full wp-image-4388\" src=\"https:\/\/ploff.net\/wp-content\/uploads\/2021\/09\/BA-250-BE-THAT-GUY.jpg\" alt=\"\" width=\"1809\" height=\"2369\" srcset=\"https:\/\/ploff.net\/wp-content\/uploads\/2021\/09\/BA-250-BE-THAT-GUY.jpg 1809w, https:\/\/ploff.net\/wp-content\/uploads\/2021\/09\/BA-250-BE-THAT-GUY-229x300.jpg 229w, https:\/\/ploff.net\/wp-content\/uploads\/2021\/09\/BA-250-BE-THAT-GUY-782x1024.jpg 782w, https:\/\/ploff.net\/wp-content\/uploads\/2021\/09\/BA-250-BE-THAT-GUY-768x1006.jpg 768w, https:\/\/ploff.net\/wp-content\/uploads\/2021\/09\/BA-250-BE-THAT-GUY-1173x1536.jpg 1173w, https:\/\/ploff.net\/wp-content\/uploads\/2021\/09\/BA-250-BE-THAT-GUY-1564x2048.jpg 1564w, https:\/\/ploff.net\/wp-content\/uploads\/2021\/09\/BA-250-BE-THAT-GUY-40x52.jpg 40w\" sizes=\"auto, (max-width: 1809px) 100vw, 1809px\" \/><\/strong><\/p>\n<p>&nbsp;<\/p>\n<p>Y <strong><em>\u00bfcu\u00e1l es el objetivo subyacente de los que est\u00e1n arriba?<\/em> <\/strong><\/p>\n<p><strong>\u00a1Que los que estamos abajo CREAMOS QUE NO PODEMOS CAMBIAR!<\/strong><\/p>\n<p>Y con CAMBIAR me refiero a cambiar las cosas, la situaci\u00f3n actual, el deterioro medioambiental, a nosotros mismos; que creamos que no podemos derrocar este sistema y co-construir uno propio, m\u00e1s participativo y justo. Caer a cuenta, de que <strong>Somos co-creadores de nuestra realidad mundial<\/strong>. Pero no podemos ni siquiera CREER QUE PODEMOS co-crear nuestra realidad, si se mantiene a la mayor\u00eda de la poblaci\u00f3n ciega, \u201cconfortablemente entumecida\u201d y desinformada\u2026<\/p>\n<p>Quisiera intentar arrojar un poco de luz a tanto <u>pesimismo<\/u>, para lo cual, a continuaci\u00f3n, voy a pasarles por escrito las ideas m\u00e1s importantes de un discurso dado por <strong>Bruce Lipton<\/strong> -a quien admiro mucho- llamado \u201cLos 4 Mitos del Apocalipsis\u201d.<\/p>\n<p>&nbsp;<\/p>\n<p><strong><img loading=\"lazy\" decoding=\"async\" class=\"aligncenter size-full wp-image-4392\" src=\"https:\/\/ploff.net\/wp-content\/uploads\/2021\/09\/BA-250-BRUCE-AFTER-SKOOL.jpg\" alt=\"\" width=\"1366\" height=\"768\" srcset=\"https:\/\/ploff.net\/wp-content\/uploads\/2021\/09\/BA-250-BRUCE-AFTER-SKOOL.jpg 1366w, https:\/\/ploff.net\/wp-content\/uploads\/2021\/09\/BA-250-BRUCE-AFTER-SKOOL-300x169.jpg 300w, https:\/\/ploff.net\/wp-content\/uploads\/2021\/09\/BA-250-BRUCE-AFTER-SKOOL-1024x576.jpg 1024w, https:\/\/ploff.net\/wp-content\/uploads\/2021\/09\/BA-250-BRUCE-AFTER-SKOOL-768x432.jpg 768w, https:\/\/ploff.net\/wp-content\/uploads\/2021\/09\/BA-250-BRUCE-AFTER-SKOOL-67x38.jpg 67w\" sizes=\"auto, (max-width: 1366px) 100vw, 1366px\" \/><\/strong><\/p>\n<p>&nbsp;<\/p>\n<p><em><u>Lo que sigue, son las ideas m\u00e1s importantes de ese discurso:<\/u><\/em><\/p>\n<p>Ya estamos viviendo un Infierno aqu\u00ed en la Tierra, con los 4 jinetes del apocalipsis ya presentes: la enfermedad, la hambruna, la guerra y la muerte. \u00bfEs esta la inevitable conclusi\u00f3n de nuestro mundo? \u00bfo es que hay una oportunidad alternativa\u2026? Cuando LA VERDAD de una civilizaci\u00f3n cambia, tambi\u00e9n lo hace la sociedad\u2026<\/p>\n<p>Cabe preguntarse, \u00bfde d\u00f3nde vienen estas normas de comportamiento? Pues vienen de <strong>4 MITOS de la Percepci\u00f3n del Apocalipsis<\/strong>. El t\u00e9rmino \u201cMITO\u201d se refiere a una <strong>creencia<\/strong> que pensamos como verdadera, nos adue\u00f1amos de ella como si fuese la verdad\u2026<\/p>\n<p><strong><u>MITO #1:<\/u> EL UNIVERSO EST\u00c1 HECHO DE MATERIA<\/strong>\u2026 ergo, separamos la energ\u00eda de la materia, cuando no hay separaci\u00f3n en absoluto. <strong><u>MITO \u00a0#2:<\/u> LOS GENES CONTROLAN NUESTRA BIOLOG\u00cdA<\/strong>, lo cual nos hace v\u00edctimas de la herencia de los genes que recibimos de nuestros padres. Los otros dos mitos tienen que ver con teor\u00eda darwiniana. <strong><u>MITO #3:<\/u> LA EVOLUCI\u00d3N EST\u00c1 CONDUCIDA POR MUTACIONES ALEATORIAS<\/strong>, ergo, por accidentes, y, por ende, no teniendo nuestra existencia ning\u00fan prop\u00f3sito sobre este planeta. <strong><u>MITO \u00a0#4:<\/u> LA EVOLUCI\u00d3N EST\u00c1 CONDUCIDA POR LA COMPETICI\u00d3N<\/strong>, por el <em>fitness<\/em> y la lucha por la vida, lo cual quiere decir que ahora estamos compitiendo entre nosotros para sobrevivir, en vez de reconocer la unidad\/unicidad y la compleci\u00f3n\/integridad\/completitud del Todo.<\/p>\n<p><em>\u00a0<\/em><\/p>\n<p><em>(((Bruce Lipton va desmitificando cada uno de estos mitos, para luego plantear nuevas creencias superadoras)))<\/em><\/p>\n<p><em>\u00a0<\/em><\/p>\n<p>En la ciencia, dividimos el Universo en dos reinos. Uno f\u00edsico y mec\u00e1nico (donde prevalece la materia), y uno energ\u00e9tico e invisible. Nos conformamos con las leyes newtonianas que gobiernan el reino material, pero ignoramos la relevancia del reino invisible que nos rodea, que antes se llamaba reino espiritual.<\/p>\n<p>Pero existe una nueva ciencia, la f\u00edsica cu\u00e1ntica\u2026 A trav\u00e9s de ella, cuando miramos adentro de la estructura de un \u00e1tomo, la materia aparece como una ilusi\u00f3n y resulta que no hay una estructura <em>particulada<\/em>, sino que es m\u00e1s bien c\u00f3mo un \u201cv\u00f3rtice energ\u00e9tico\u201d. La energ\u00eda no se puede separar. Representa unidad. Todo lo que vemos como separado de nosotros est\u00e1, en realidad, conectado por energ\u00eda\u2026 Entonces, <strong><u>NUEVO MITO #1:<\/u> EL UNIVERSO EST\u00c1 HECHO DE ENERG\u00cdA.<\/strong><\/p>\n<p>Por otro lado, en ciencia gen\u00e9tica, somos v\u00edctimas del control de nuestros genes sobre nosotros. \u00a1Pero NO somos v\u00edctimas de ellas! Existe una nueva ciencia, la <u>epigen\u00e9tica<\/u> (<em>\u201cepi\u201d quiere decir \u201cpor encima de\u201d<\/em>) que prioriza comprender el significado del mundo que nos rodea. Los caracteres que expresamos son controlados <em>por encima de nuestra gen\u00e9tica<\/em>. Dejamos de ser \u201cv\u00edctimas\u201d de nuestra gen\u00e9tica, para convertirnos en \u201cmaestros\u201d de ellas. Esto es porque ahora sabemos que, <strong><u>NUEVO MITO #2:<\/u> NUESTRA CONSCIENCIA &amp; NUESTRA RESPUESTA AL ENTORNO ES LO QUE CONTROLA NUESTRA GEN\u00c9TICA.<\/strong><\/p>\n<p>En cuanto a la teor\u00eda darwiniana, si las mutaciones son la fuente de la evoluci\u00f3n, entonces, <em>\u00bfcu\u00e1l es el prop\u00f3sito de los humanos en este planeta\u2026?<\/em> Si todo fue aleatorio, entonces, no hay prop\u00f3sito para nuestra civilizaci\u00f3n humana. Y tendemos a pensar que \u201csomos un accidente\u201d y llevamos una vida sin prop\u00f3sito\u2026<\/p>\n<p><strong><u>NUEVO MITO #3:<\/u> LA EVOLUCI\u00d3N EST\u00c1 BASADA EN LA ADAPTACI\u00d3N.<\/strong> Un organismo ajustar\u00e1 su gen\u00e9tica para cumplir\/ obedecer\/ ajustarse a la norma\/ conformar al medio ambiente o entorno que lo rodea\u2026 Hay que repensar al humano como un Ser que est\u00e1 al tope de esta adaptaci\u00f3n. Los seres humanos podemos vivir en cualquier ambiente, ecosistema, paisaje. <strong>La vida es un cambio con prop\u00f3sito; la vida es un cambio significante, significativo, deliberado, intencionado, decidido, resoluto.<\/strong><\/p>\n<p>Nuestro planeta es como un grandioso Jard\u00edn\u2026 y todos los organismos vivos crecieron coexistiendo en ese Jard\u00edn\u2026 y tal como los pueblos originarios siempre supieron\u2026 EL ROL DEL HUMANO ES SER UN JARDINERO DE ESE JARD\u00cdN. Debemos aprender a vivir en harmon\u00eda en ese Jard\u00edn\u2026 y <em>\u201cvolver\u201d<\/em> a Ser Jardineros, para EJERCER NUESTRA FUNCI\u00d3N DE MANTENER EL BALANCE de este hermoso planeta.<\/p>\n<p><img loading=\"lazy\" decoding=\"async\" class=\"aligncenter size-full wp-image-4399\" src=\"https:\/\/ploff.net\/wp-content\/uploads\/2021\/09\/BA-250-CRASSAS-x3.jpg\" alt=\"\" width=\"481\" height=\"479\" srcset=\"https:\/\/ploff.net\/wp-content\/uploads\/2021\/09\/BA-250-CRASSAS-x3.jpg 481w, https:\/\/ploff.net\/wp-content\/uploads\/2021\/09\/BA-250-CRASSAS-x3-300x300.jpg 300w, https:\/\/ploff.net\/wp-content\/uploads\/2021\/09\/BA-250-CRASSAS-x3-150x150.jpg 150w, https:\/\/ploff.net\/wp-content\/uploads\/2021\/09\/BA-250-CRASSAS-x3-52x52.jpg 52w\" sizes=\"auto, (max-width: 481px) 100vw, 481px\" \/><\/p>\n<p>&nbsp;<\/p>\n<p>&nbsp;<\/p>\n<p>El MITO #4 es falso entendimiento, ya que es pre-darwiniano (<em><u>\u00a1<a href=\"https:\/\/ploff.net\/ba-246-el-morboso-pesimismo-de-malthus-la-desinformacion-minera-en-el-bolson-el-poder-transformador-de-una-vane\/\" target=\"_blank\" rel=\"noopener\">maltusiano<\/a>!<\/u><\/em>). Los medios de subsistencia no se producen tan r\u00e1pido como se reproducen los humanos\u2026 y las plantas no crecen a una tasa lo suficientemente r\u00e1pida como para llegar a alimentar a la cantidad de animales que debemos alimentar para poder luego alimentar a cada vez m\u00e1s alta demanda de alimentos para los cada vez m\u00e1s humanos. Ergo, parece que estamos inmersos en una continua lucha por la supervivencia\u2026<\/p>\n<p>Sin embargo, <strong><u>NUEVO MITO #4:<\/u> LA EVOLUCI\u00d3N NO EST\u00c1 BASADA EN LA COMPETICI\u00d3N, SINO EN LA COOPERACI\u00d3N.<\/strong><\/p>\n<p>La Naturaleza est\u00e1 construida sobre el COOPERATIVISMO &amp; la UNIDAD\/UNICIDAD. Todos los organismos se unen para vivir en harmon\u00eda. Estamos en un per\u00edodo de transici\u00f3n, donde el mundo se desmorona alrededor nuestro. Debemos hacernos due\u00f1os de un simple hecho, y es que <strong>no somos v\u00edctimas pasivas en este proceso<\/strong>. Estamos en un proceso de transici\u00f3n, donde la Naturaleza nos llama a cambiar la forma en la que vivimos en este planeta\u2026<\/p>\n<p>Cambian los 4 mitos\u00a0 &gt;&gt;\u00a0 Cambian nuestras creencias\u00a0 &gt;&gt;\u00a0 Cambia nuestra cultura\u2026<\/p>\n<p>&nbsp;<\/p>\n<p><img loading=\"lazy\" decoding=\"async\" class=\"aligncenter size-full wp-image-4393\" src=\"https:\/\/ploff.net\/wp-content\/uploads\/2021\/09\/BA-250-New-Culture-AFTER-SKOOL.jpg\" alt=\"\" width=\"1366\" height=\"768\" srcset=\"https:\/\/ploff.net\/wp-content\/uploads\/2021\/09\/BA-250-New-Culture-AFTER-SKOOL.jpg 1366w, https:\/\/ploff.net\/wp-content\/uploads\/2021\/09\/BA-250-New-Culture-AFTER-SKOOL-300x169.jpg 300w, https:\/\/ploff.net\/wp-content\/uploads\/2021\/09\/BA-250-New-Culture-AFTER-SKOOL-1024x576.jpg 1024w, https:\/\/ploff.net\/wp-content\/uploads\/2021\/09\/BA-250-New-Culture-AFTER-SKOOL-768x432.jpg 768w, https:\/\/ploff.net\/wp-content\/uploads\/2021\/09\/BA-250-New-Culture-AFTER-SKOOL-67x38.jpg 67w\" sizes=\"auto, (max-width: 1366px) 100vw, 1366px\" \/><\/p>\n<p>&nbsp;<\/p>\n<p>Si hacemos esto, nos habremos movido del <em>\u201cInfierno en la Tierra\u201d<\/em> al \u201c<em>Para\u00edso en la Tierra\u201d<\/em><\/p>\n<p>\u00bfPor qu\u00e9 estamos viviendo en este infierno? La respuesta es sencilla\u2026 <strong>HEMOS CONSTRUIDO UN SISTEMA DE COMPORTAMIENTO CULTURAL BASADO EN FALSOS ENTENDIMIENTOS DE LA CIENCIA.<\/strong><\/p>\n<p>Estamos frente a una evoluci\u00f3n que <strong>no es un proceso pasivo, sino un proceso participativo\u2026 <\/strong>\u00bfVamos a trabajar juntos para crear harmon\u00eda &amp; un nuevo Jard\u00edn?, \u00bfo vamos a dejar esta oportunidad pasar mientras enfrentamos una inminente extinci\u00f3n\u2026?<\/p>\n<p>&nbsp;<\/p>\n<p><img loading=\"lazy\" decoding=\"async\" class=\"aligncenter size-full wp-image-4400\" src=\"https:\/\/ploff.net\/wp-content\/uploads\/2021\/09\/BA-250-Plantitas-x6.jpg\" alt=\"\" width=\"477\" height=\"477\" srcset=\"https:\/\/ploff.net\/wp-content\/uploads\/2021\/09\/BA-250-Plantitas-x6.jpg 477w, https:\/\/ploff.net\/wp-content\/uploads\/2021\/09\/BA-250-Plantitas-x6-300x300.jpg 300w, https:\/\/ploff.net\/wp-content\/uploads\/2021\/09\/BA-250-Plantitas-x6-150x150.jpg 150w, https:\/\/ploff.net\/wp-content\/uploads\/2021\/09\/BA-250-Plantitas-x6-52x52.jpg 52w\" sizes=\"auto, (max-width: 477px) 100vw, 477px\" \/><\/p>\n<p>&nbsp;<\/p>\n<p>\u00a1No somos v\u00edctimas! \u00a1Somos creadores poderosos! \u00a1Y con las nuevas ciencias y nuevos conocimientos podemos crear un para\u00edso en nuestra Tierra!<\/p>\n<p>&nbsp;<\/p>\n<p>Para cerrar -y volviendo, ahora s\u00ed, a tomar la palabra-, quisiera agregar que <strong><em>\u201c A p o c a l y p s e \u201d<\/em><\/strong> quiere decir <em>\u201cel destape\/ el descubrimiento\/ la revelaci\u00f3n\u2026 del nuevo conocimiento\u201d<\/em>. Y \u00bfcu\u00e1l es ese nuevo conocimiento\u2026? Bueno, por un lado, el conocimiento de que la econom\u00eda est\u00e1 dirigida por unos cuantos desalmados que no se merecen ni el menor de nuestros respetos; perpetradores de la <em>dinamita<\/em>ci\u00f3n de nuestros ecosistemas. Y, por otro lado, un nuevo conocimiento sobre <strong>el potencial transformador de actores sociales clave conscientes de sus capacidades\u2026<\/strong> Somos vos y yo, querida o querido lector, los que podemos ACTIVAR nuevas posibilidades de cambio.<\/p>\n<p>&nbsp;<\/p>\n<p>Sin m\u00e1s, y esperando que haya sido llevadero, entretenido, inspirador e inc\u00f3modo de leer, los saludo \u00e9picamente.<\/p>\n<p>&nbsp;<\/p>\n<p>Brian Longstaff Howard.-<\/p>\n<p><strong><u>\u00a0<\/u><\/strong><\/p>\n<p><img loading=\"lazy\" decoding=\"async\" class=\"aligncenter size-full wp-image-4389\" src=\"https:\/\/ploff.net\/wp-content\/uploads\/2021\/09\/BA-250-Bees-in-dj.jpg\" alt=\"\" width=\"1895\" height=\"1074\" srcset=\"https:\/\/ploff.net\/wp-content\/uploads\/2021\/09\/BA-250-Bees-in-dj.jpg 1895w, https:\/\/ploff.net\/wp-content\/uploads\/2021\/09\/BA-250-Bees-in-dj-300x170.jpg 300w, https:\/\/ploff.net\/wp-content\/uploads\/2021\/09\/BA-250-Bees-in-dj-1024x580.jpg 1024w, https:\/\/ploff.net\/wp-content\/uploads\/2021\/09\/BA-250-Bees-in-dj-768x435.jpg 768w, https:\/\/ploff.net\/wp-content\/uploads\/2021\/09\/BA-250-Bees-in-dj-1536x871.jpg 1536w, https:\/\/ploff.net\/wp-content\/uploads\/2021\/09\/BA-250-Bees-in-dj-67x38.jpg 67w\" sizes=\"auto, (max-width: 1895px) 100vw, 1895px\" \/><\/p>\n<p><strong><u>\u00a0<\/u><\/strong><\/p>\n<p><strong><u>Referencias:<\/u><\/strong><\/p>\n<p>&#8211; <a href=\"https:\/\/es.wikipedia.org\/wiki\/Divina_comedia\" target=\"_blank\" rel=\"noopener\"><strong>Divina Comedia<\/strong><\/a>, Dante Alighieri (1304-1308).<\/p>\n<p>&#8211; <a href=\"https:\/\/www.youtube.com\/watch?v=nM5w3EjikdA\" target=\"_blank\" rel=\"noopener\"><strong>4 False Beliefs that Society is Built On<\/strong><\/a>, Dr. Bruce Lipton, by <a href=\"https:\/\/www.youtube.com\/channel\/UC1KmNKYC1l0stjctkGswl6g\" target=\"_blank\" rel=\"noopener\">After Skool<\/a>.<\/p>\n<p>&#8211; <a href=\"https:\/\/www.youtube.com\/watch?v=kLzNPEjHHb8\" target=\"_blank\" rel=\"noopener\"><strong>Colapso: \u00bfel \u00fanico escenario realista?<\/strong><\/a> Por Arthur Keller.<\/p>\n<p>&#8211; <a href=\"https:\/\/www.youtube.com\/watch?v=rZfqIZNqAkA&amp;t=3s\" target=\"_blank\" rel=\"noopener\"><strong>Billonarios, los que ganan hasta en pandemia<\/strong><\/a> | Pero Entonces\u2026 | <a href=\"https:\/\/paisdeboludos.com.ar\/\" target=\"_blank\" rel=\"noopener\">Pa\u00eds de Boludos<\/a>.<\/p>\n<p>&#8211; <strong>\u201c<a href=\"https:\/\/www.youtube.com\/watch?v=oniA6pCaCdw\" target=\"_blank\" rel=\"noopener\">RAGE RISE! Is Biggest Wealth Transfer In History Causing Rage Epidemic?<\/a>\u201d by Russell Brand<\/strong> <em>(\u201c\u00bfLa mayor transferencia de riqueza de la historia est\u00e1 causando una epidemia de furia?\u201d)<\/em>.<\/p>\n<p>&#8211; \u201c<a href=\"https:\/\/www.salon.com\/2020\/06\/07\/coronavirus-pandemic-triggered-one-of-the-greatest-wealth-transfers-in-history_partner\/\" target=\"_blank\" rel=\"noopener\"><strong>Coronavirus pandemic triggered <em>&#8220;one of the greatest wealth transfers in history&#8221;<\/em>. <\/strong>Small businesses are &#8220;dropping like flies,&#8221; said &#8220;Mad Money&#8221; host <strong>Jim Cramer<\/strong><\/a>\u201d <em>(La Pandemia del coronavirus desencaden\u00f3 \u201cuna de las mayores transferencias de riqueza de la historia\u201d. Las peque\u00f1as empresas est\u00e1n \u201ccayendo como moscas\u201d, dijo el presentador de \u201cMad Money\u201d, Jim Cramer)<\/em>. Art\u00edculo del 7 de junio del 2020.<\/p>\n<p>&#8211; \u201c<strong><a href=\"https:\/\/www.commondreams.org\/news\/2020\/06\/04\/amid-covid-19-and-nationwide-protests-americas-billionaires-got-79-billion-richer\" target=\"_blank\" rel=\"noopener\">Amid Covid-19 and Nationwide Protests, America&#8217;s Billionaires Got $79 Billion Richer Over the Last Week<\/a>\u201d<\/strong> <em>(\u201cEn medio del Covid-19 y las protestas a nivel nacional, los multimillonarios de Estados Unidos se enriquecieron en 79.000 millones de d\u00f3lares durante la \u00faltima semana\u201d)<\/em>. Art\u00edculo del 4 de junio del 2020<\/p>\n<p>&#8211; <strong>Los gr\u00e1ficos<\/strong> de la primera, tercera y cuarta foto son de creaci\u00f3n propia, en lo que he denominado Matem\u00e1tica Espiritual \u201cIn-In\u201d (por Intuitivo e Incomprobable). El <strong>dibujo<\/strong> de la quinta foto, tambi\u00e9n es de creaci\u00f3n personal. Aunque de <em>personal <\/em>no tiene nada, puse \u201cTitanic\u201d en Google y el algoritmo me tiro un par de bocetos, nada de andar imaginando. La segunda foto es un \u201cmeme\u201d de 9gag.com, traducido. Luego hay dos fotos tomadas del video de After Skool arriba citado. Hay dos fotos tipo &#8220;collage&#8221; de creaci\u00f3n propia con plantitas de aqu\u00ed del campo; y una foto de abejas, tomada tambi\u00e9n aqu\u00ed en el campo el verano pasado, sobre una flor de menta <em>spearmint<\/em>.<\/p>\n<p>&nbsp;<\/p>\n<p><strong><u>Agradecimientos:<\/u><\/strong><\/p>\n<p><em>Como quien no quer\u00eda la cosa<\/em>, llegamos a las 250 publicaciones\u00a0\u00a0\u00a0 =)<\/p>\n<p>Agradecer a mis patrocinadores, que hace un a\u00f1o me permiten lograr que siga escribiendo hasta llegar a fin de mes. No es poco, poder vivir del arte en los tiempos que vivimos. Ellas y ellos son: <strong><em>Lucila Masera, Mar\u00eda Carla Gallini, Leon Zaldivar Jarabo, Eduardo Wydler, Lihuel Peinetti, Mar\u00eda Eugenia Varela, Pilar Pag\u00e9s, Mar\u00eda Jos\u00e9 Howard, Agust\u00edn Estala, Alison Longstaff, Sabrina Tellini, Gustavo Nervegna, Laura Pagani, John Kleuser, Mariana Pagella, Carlos Ezequiel Benvenuto Manarin, Santiago Eduardo Smith &amp; Andr\u00e9s Hillion<\/em>. <\/strong>Tambi\u00e9n dar las gracias a \u2018Bow &amp; Tie Micro Roastery\u2019 por su patrocinio.<\/p>\n<p>\u00a1Vos tambi\u00e9n podes ayudar a respaldar a Ploff en Patreon! Ingresando a: <a href=\"https:\/\/www.patreon.com\/ploffawareness\">https:\/\/www.patreon.com\/ploffawareness<\/a><\/p>\n<p><img loading=\"lazy\" decoding=\"async\" class=\"aligncenter size-full wp-image-4349\" src=\"https:\/\/ploff.net\/wp-content\/uploads\/2021\/04\/BA-246-Patreon-Cover-scaled.jpg\" alt=\"\" width=\"2560\" height=\"640\" srcset=\"https:\/\/ploff.net\/wp-content\/uploads\/2021\/04\/BA-246-Patreon-Cover-scaled.jpg 2560w, https:\/\/ploff.net\/wp-content\/uploads\/2021\/04\/BA-246-Patreon-Cover-300x75.jpg 300w, https:\/\/ploff.net\/wp-content\/uploads\/2021\/04\/BA-246-Patreon-Cover-1024x256.jpg 1024w, https:\/\/ploff.net\/wp-content\/uploads\/2021\/04\/BA-246-Patreon-Cover-768x192.jpg 768w, https:\/\/ploff.net\/wp-content\/uploads\/2021\/04\/BA-246-Patreon-Cover-1536x384.jpg 1536w, https:\/\/ploff.net\/wp-content\/uploads\/2021\/04\/BA-246-Patreon-Cover-2048x512.jpg 2048w, https:\/\/ploff.net\/wp-content\/uploads\/2021\/04\/BA-246-Patreon-Cover-67x17.jpg 67w\" sizes=\"auto, (max-width: 2560px) 100vw, 2560px\" \/><\/p>\n<p>&nbsp;<\/p>","protected":false},"excerpt":{"rendered":"<p>Sorry, this entry is only available in Espa\u00f1ol. For the sake of viewer convenience, the content is shown below in the alternative language. You may click the link to switch the active language.BA 250 \u2013 Los 4 Mitos del Apocalipsis. &nbsp; Voy a intentar ir poniendo mis pensamientos en papel (y despu\u00e9s por ac\u00e1) de [&hellip;]<\/p>\n","protected":false},"author":2,"featured_media":4400,"comment_status":"open","ping_status":"open","sticky":false,"template":"","format":"standard","meta":{"_monsterinsights_skip_tracking":false,"_monsterinsights_sitenote_active":false,"_monsterinsights_sitenote_note":"","_monsterinsights_sitenote_category":0,"footnotes":""},"categories":[2],"tags":[1037,1036,1020,1025,1024],"class_list":["post-4396","post","type-post","status-publish","format-standard","has-post-thumbnail","hentry","category-boletin","tag-after-skool","tag-bruce-lipton","tag-colapso","tag-malthus","tag-pais-de-boludos"],"yoast_head":"<!-- This site is optimized with the Yoast SEO plugin v24.3 - https:\/\/yoast.com\/wordpress\/plugins\/seo\/ -->\n<title>(Espa\u00f1ol) BA 250 - Los 4 Mitos del Apocalipsis. - Ploff.net<\/title>\n<meta name=\"robots\" content=\"index, follow, max-snippet:-1, max-image-preview:large, max-video-preview:-1\" \/>\n<link rel=\"canonical\" href=\"https:\/\/ploff.net\/en\/ba-250-los-4-mitos-del-apocalipsis\/\" \/>\n<meta property=\"og:locale\" content=\"en_US\" \/>\n<meta property=\"og:type\" content=\"article\" \/>\n<meta property=\"og:title\" content=\"(Espa\u00f1ol) BA 250 - Los 4 Mitos del Apocalipsis. - Ploff.net\" \/>\n<meta property=\"og:description\" content=\"Sorry, this entry is only available in Espa\u00f1ol. For the sake of viewer convenience, the content is shown below in the alternative language. You may click the link to switch the active language.BA 250 \u2013 Los 4 Mitos del Apocalipsis. &nbsp; Voy a intentar ir poniendo mis pensamientos en papel (y despu\u00e9s por ac\u00e1) de [&hellip;]\" \/>\n<meta property=\"og:url\" content=\"https:\/\/ploff.net\/en\/ba-250-los-4-mitos-del-apocalipsis\/\" \/>\n<meta property=\"og:site_name\" content=\"Ploff.net\" \/>\n<meta property=\"article:publisher\" content=\"https:\/\/www.facebook.com\/ploffnet\/\" \/>\n<meta property=\"article:published_time\" content=\"2021-09-03T06:04:02+00:00\" \/>\n<meta property=\"article:modified_time\" content=\"2021-10-05T23:47:45+00:00\" \/>\n<meta property=\"og:image\" content=\"https:\/\/ploff.net\/wp-content\/uploads\/2021\/09\/BA-250-Plantitas-x6.jpg\" \/>\n\t<meta property=\"og:image:width\" content=\"477\" \/>\n\t<meta property=\"og:image:height\" content=\"477\" \/>\n\t<meta property=\"og:image:type\" content=\"image\/jpeg\" \/>\n<meta name=\"author\" content=\"Brian Longstaff\" \/>\n<meta name=\"twitter:card\" content=\"summary_large_image\" \/>\n<meta name=\"twitter:label1\" content=\"Written by\" \/>\n\t<meta name=\"twitter:data1\" content=\"Brian Longstaff\" \/>\n\t<meta name=\"twitter:label2\" content=\"Est. reading time\" \/>\n\t<meta name=\"twitter:data2\" content=\"16 minutes\" \/>\n<script type=\"application\/ld+json\" class=\"yoast-schema-graph\">{\"@context\":\"https:\/\/schema.org\",\"@graph\":[{\"@type\":\"Article\",\"@id\":\"https:\/\/ploff.net\/en\/ba-250-los-4-mitos-del-apocalipsis\/#article\",\"isPartOf\":{\"@id\":\"https:\/\/ploff.net\/en\/ba-250-los-4-mitos-del-apocalipsis\/\"},\"author\":{\"name\":\"Brian Longstaff\",\"@id\":\"https:\/\/ploff.net\/#\/schema\/person\/50f4145b8c3f93374cec32f352d4244a\"},\"headline\":\"(Espa\u00f1ol) BA 250 &#8211; Los 4 Mitos del Apocalipsis.\",\"datePublished\":\"2021-09-03T06:04:02+00:00\",\"dateModified\":\"2021-10-05T23:47:45+00:00\",\"mainEntityOfPage\":{\"@id\":\"https:\/\/ploff.net\/en\/ba-250-los-4-mitos-del-apocalipsis\/\"},\"wordCount\":3299,\"commentCount\":0,\"publisher\":{\"@id\":\"https:\/\/ploff.net\/#organization\"},\"image\":{\"@id\":\"https:\/\/ploff.net\/en\/ba-250-los-4-mitos-del-apocalipsis\/#primaryimage\"},\"thumbnailUrl\":\"https:\/\/ploff.net\/wp-content\/uploads\/2021\/09\/BA-250-Plantitas-x6.jpg\",\"keywords\":[\"After Skool\",\"Bruce Lipton\",\"Colapso\",\"malthus\",\"pa\u00eds de boludos\"],\"articleSection\":[\"Boletin\"],\"inLanguage\":\"en-US\",\"potentialAction\":[{\"@type\":\"CommentAction\",\"name\":\"Comment\",\"target\":[\"https:\/\/ploff.net\/en\/ba-250-los-4-mitos-del-apocalipsis\/#respond\"]}]},{\"@type\":\"WebPage\",\"@id\":\"https:\/\/ploff.net\/en\/ba-250-los-4-mitos-del-apocalipsis\/\",\"url\":\"https:\/\/ploff.net\/en\/ba-250-los-4-mitos-del-apocalipsis\/\",\"name\":\"(Espa\u00f1ol) BA 250 - Los 4 Mitos del Apocalipsis. - Ploff.net\",\"isPartOf\":{\"@id\":\"https:\/\/ploff.net\/#website\"},\"primaryImageOfPage\":{\"@id\":\"https:\/\/ploff.net\/en\/ba-250-los-4-mitos-del-apocalipsis\/#primaryimage\"},\"image\":{\"@id\":\"https:\/\/ploff.net\/en\/ba-250-los-4-mitos-del-apocalipsis\/#primaryimage\"},\"thumbnailUrl\":\"https:\/\/ploff.net\/wp-content\/uploads\/2021\/09\/BA-250-Plantitas-x6.jpg\",\"datePublished\":\"2021-09-03T06:04:02+00:00\",\"dateModified\":\"2021-10-05T23:47:45+00:00\",\"breadcrumb\":{\"@id\":\"https:\/\/ploff.net\/en\/ba-250-los-4-mitos-del-apocalipsis\/#breadcrumb\"},\"inLanguage\":\"en-US\",\"potentialAction\":[{\"@type\":\"ReadAction\",\"target\":[\"https:\/\/ploff.net\/en\/ba-250-los-4-mitos-del-apocalipsis\/\"]}]},{\"@type\":\"ImageObject\",\"inLanguage\":\"en-US\",\"@id\":\"https:\/\/ploff.net\/en\/ba-250-los-4-mitos-del-apocalipsis\/#primaryimage\",\"url\":\"https:\/\/ploff.net\/wp-content\/uploads\/2021\/09\/BA-250-Plantitas-x6.jpg\",\"contentUrl\":\"https:\/\/ploff.net\/wp-content\/uploads\/2021\/09\/BA-250-Plantitas-x6.jpg\",\"width\":477,\"height\":477},{\"@type\":\"BreadcrumbList\",\"@id\":\"https:\/\/ploff.net\/en\/ba-250-los-4-mitos-del-apocalipsis\/#breadcrumb\",\"itemListElement\":[{\"@type\":\"ListItem\",\"position\":1,\"name\":\"Portada\",\"item\":\"https:\/\/ploff.net\/\"},{\"@type\":\"ListItem\",\"position\":2,\"name\":\"(Espa\u00f1ol) BA 250 &#8211; Los 4 Mitos del Apocalipsis.\"}]},{\"@type\":\"WebSite\",\"@id\":\"https:\/\/ploff.net\/#website\",\"url\":\"https:\/\/ploff.net\/\",\"name\":\"Ploff.net - Amor, Paz, Unidad y Amistad\",\"description\":\"Love, Peace, Unity, Friendship.\",\"publisher\":{\"@id\":\"https:\/\/ploff.net\/#organization\"},\"potentialAction\":[{\"@type\":\"SearchAction\",\"target\":{\"@type\":\"EntryPoint\",\"urlTemplate\":\"https:\/\/ploff.net\/?s={search_term_string}\"},\"query-input\":{\"@type\":\"PropertyValueSpecification\",\"valueRequired\":true,\"valueName\":\"search_term_string\"}}],\"inLanguage\":\"en-US\"},{\"@type\":\"Organization\",\"@id\":\"https:\/\/ploff.net\/#organization\",\"name\":\"Ploff\",\"url\":\"https:\/\/ploff.net\/\",\"logo\":{\"@type\":\"ImageObject\",\"inLanguage\":\"en-US\",\"@id\":\"https:\/\/ploff.net\/#\/schema\/logo\/image\/\",\"url\":\"https:\/\/ploff.net\/wp-content\/uploads\/2020\/04\/ploff-logo.jpg\",\"contentUrl\":\"https:\/\/ploff.net\/wp-content\/uploads\/2020\/04\/ploff-logo.jpg\",\"width\":180,\"height\":180,\"caption\":\"Ploff\"},\"image\":{\"@id\":\"https:\/\/ploff.net\/#\/schema\/logo\/image\/\"},\"sameAs\":[\"https:\/\/www.facebook.com\/ploffnet\/\",\"https:\/\/www.youtube.com\/user\/Ploffnet\"]},{\"@type\":\"Person\",\"@id\":\"https:\/\/ploff.net\/#\/schema\/person\/50f4145b8c3f93374cec32f352d4244a\",\"name\":\"Brian Longstaff\",\"image\":{\"@type\":\"ImageObject\",\"inLanguage\":\"en-US\",\"@id\":\"https:\/\/ploff.net\/#\/schema\/person\/image\/\",\"url\":\"https:\/\/secure.gravatar.com\/avatar\/6e54b28b52182bb68ba2cc9bc60c83c6?s=96&d=mm&r=g\",\"contentUrl\":\"https:\/\/secure.gravatar.com\/avatar\/6e54b28b52182bb68ba2cc9bc60c83c6?s=96&d=mm&r=g\",\"caption\":\"Brian Longstaff\"},\"url\":\"https:\/\/ploff.net\/en\/author\/brian\/\"}]}<\/script>\n<!-- \/ Yoast SEO plugin. -->","yoast_head_json":{"title":"(Espa\u00f1ol) BA 250 - Los 4 Mitos del Apocalipsis. - Ploff.net","robots":{"index":"index","follow":"follow","max-snippet":"max-snippet:-1","max-image-preview":"max-image-preview:large","max-video-preview":"max-video-preview:-1"},"canonical":"https:\/\/ploff.net\/en\/ba-250-los-4-mitos-del-apocalipsis\/","og_locale":"en_US","og_type":"article","og_title":"(Espa\u00f1ol) BA 250 - Los 4 Mitos del Apocalipsis. - Ploff.net","og_description":"Sorry, this entry is only available in Espa\u00f1ol. For the sake of viewer convenience, the content is shown below in the alternative language. You may click the link to switch the active language.BA 250 \u2013 Los 4 Mitos del Apocalipsis. &nbsp; Voy a intentar ir poniendo mis pensamientos en papel (y despu\u00e9s por ac\u00e1) de [&hellip;]","og_url":"https:\/\/ploff.net\/en\/ba-250-los-4-mitos-del-apocalipsis\/","og_site_name":"Ploff.net","article_publisher":"https:\/\/www.facebook.com\/ploffnet\/","article_published_time":"2021-09-03T06:04:02+00:00","article_modified_time":"2021-10-05T23:47:45+00:00","og_image":[{"width":477,"height":477,"url":"https:\/\/ploff.net\/wp-content\/uploads\/2021\/09\/BA-250-Plantitas-x6.jpg","type":"image\/jpeg"}],"author":"Brian Longstaff","twitter_card":"summary_large_image","twitter_misc":{"Written by":"Brian Longstaff","Est. reading time":"16 minutes"},"schema":{"@context":"https:\/\/schema.org","@graph":[{"@type":"Article","@id":"https:\/\/ploff.net\/en\/ba-250-los-4-mitos-del-apocalipsis\/#article","isPartOf":{"@id":"https:\/\/ploff.net\/en\/ba-250-los-4-mitos-del-apocalipsis\/"},"author":{"name":"Brian Longstaff","@id":"https:\/\/ploff.net\/#\/schema\/person\/50f4145b8c3f93374cec32f352d4244a"},"headline":"(Espa\u00f1ol) BA 250 &#8211; Los 4 Mitos del Apocalipsis.","datePublished":"2021-09-03T06:04:02+00:00","dateModified":"2021-10-05T23:47:45+00:00","mainEntityOfPage":{"@id":"https:\/\/ploff.net\/en\/ba-250-los-4-mitos-del-apocalipsis\/"},"wordCount":3299,"commentCount":0,"publisher":{"@id":"https:\/\/ploff.net\/#organization"},"image":{"@id":"https:\/\/ploff.net\/en\/ba-250-los-4-mitos-del-apocalipsis\/#primaryimage"},"thumbnailUrl":"https:\/\/ploff.net\/wp-content\/uploads\/2021\/09\/BA-250-Plantitas-x6.jpg","keywords":["After Skool","Bruce Lipton","Colapso","malthus","pa\u00eds de boludos"],"articleSection":["Boletin"],"inLanguage":"en-US","potentialAction":[{"@type":"CommentAction","name":"Comment","target":["https:\/\/ploff.net\/en\/ba-250-los-4-mitos-del-apocalipsis\/#respond"]}]},{"@type":"WebPage","@id":"https:\/\/ploff.net\/en\/ba-250-los-4-mitos-del-apocalipsis\/","url":"https:\/\/ploff.net\/en\/ba-250-los-4-mitos-del-apocalipsis\/","name":"(Espa\u00f1ol) BA 250 - Los 4 Mitos del Apocalipsis. - Ploff.net","isPartOf":{"@id":"https:\/\/ploff.net\/#website"},"primaryImageOfPage":{"@id":"https:\/\/ploff.net\/en\/ba-250-los-4-mitos-del-apocalipsis\/#primaryimage"},"image":{"@id":"https:\/\/ploff.net\/en\/ba-250-los-4-mitos-del-apocalipsis\/#primaryimage"},"thumbnailUrl":"https:\/\/ploff.net\/wp-content\/uploads\/2021\/09\/BA-250-Plantitas-x6.jpg","datePublished":"2021-09-03T06:04:02+00:00","dateModified":"2021-10-05T23:47:45+00:00","breadcrumb":{"@id":"https:\/\/ploff.net\/en\/ba-250-los-4-mitos-del-apocalipsis\/#breadcrumb"},"inLanguage":"en-US","potentialAction":[{"@type":"ReadAction","target":["https:\/\/ploff.net\/en\/ba-250-los-4-mitos-del-apocalipsis\/"]}]},{"@type":"ImageObject","inLanguage":"en-US","@id":"https:\/\/ploff.net\/en\/ba-250-los-4-mitos-del-apocalipsis\/#primaryimage","url":"https:\/\/ploff.net\/wp-content\/uploads\/2021\/09\/BA-250-Plantitas-x6.jpg","contentUrl":"https:\/\/ploff.net\/wp-content\/uploads\/2021\/09\/BA-250-Plantitas-x6.jpg","width":477,"height":477},{"@type":"BreadcrumbList","@id":"https:\/\/ploff.net\/en\/ba-250-los-4-mitos-del-apocalipsis\/#breadcrumb","itemListElement":[{"@type":"ListItem","position":1,"name":"Portada","item":"https:\/\/ploff.net\/"},{"@type":"ListItem","position":2,"name":"(Espa\u00f1ol) BA 250 &#8211; Los 4 Mitos del Apocalipsis."}]},{"@type":"WebSite","@id":"https:\/\/ploff.net\/#website","url":"https:\/\/ploff.net\/","name":"Ploff.net - Amor, Paz, Unidad y Amistad","description":"Love, Peace, Unity, Friendship.","publisher":{"@id":"https:\/\/ploff.net\/#organization"},"potentialAction":[{"@type":"SearchAction","target":{"@type":"EntryPoint","urlTemplate":"https:\/\/ploff.net\/?s={search_term_string}"},"query-input":{"@type":"PropertyValueSpecification","valueRequired":true,"valueName":"search_term_string"}}],"inLanguage":"en-US"},{"@type":"Organization","@id":"https:\/\/ploff.net\/#organization","name":"Ploff","url":"https:\/\/ploff.net\/","logo":{"@type":"ImageObject","inLanguage":"en-US","@id":"https:\/\/ploff.net\/#\/schema\/logo\/image\/","url":"https:\/\/ploff.net\/wp-content\/uploads\/2020\/04\/ploff-logo.jpg","contentUrl":"https:\/\/ploff.net\/wp-content\/uploads\/2020\/04\/ploff-logo.jpg","width":180,"height":180,"caption":"Ploff"},"image":{"@id":"https:\/\/ploff.net\/#\/schema\/logo\/image\/"},"sameAs":["https:\/\/www.facebook.com\/ploffnet\/","https:\/\/www.youtube.com\/user\/Ploffnet"]},{"@type":"Person","@id":"https:\/\/ploff.net\/#\/schema\/person\/50f4145b8c3f93374cec32f352d4244a","name":"Brian Longstaff","image":{"@type":"ImageObject","inLanguage":"en-US","@id":"https:\/\/ploff.net\/#\/schema\/person\/image\/","url":"https:\/\/secure.gravatar.com\/avatar\/6e54b28b52182bb68ba2cc9bc60c83c6?s=96&d=mm&r=g","contentUrl":"https:\/\/secure.gravatar.com\/avatar\/6e54b28b52182bb68ba2cc9bc60c83c6?s=96&d=mm&r=g","caption":"Brian Longstaff"},"url":"https:\/\/ploff.net\/en\/author\/brian\/"}]}},"_links":{"self":[{"href":"https:\/\/ploff.net\/en\/wp-json\/wp\/v2\/posts\/4396","targetHints":{"allow":["GET"]}}],"collection":[{"href":"https:\/\/ploff.net\/en\/wp-json\/wp\/v2\/posts"}],"about":[{"href":"https:\/\/ploff.net\/en\/wp-json\/wp\/v2\/types\/post"}],"author":[{"embeddable":true,"href":"https:\/\/ploff.net\/en\/wp-json\/wp\/v2\/users\/2"}],"replies":[{"embeddable":true,"href":"https:\/\/ploff.net\/en\/wp-json\/wp\/v2\/comments?post=4396"}],"version-history":[{"count":4,"href":"https:\/\/ploff.net\/en\/wp-json\/wp\/v2\/posts\/4396\/revisions"}],"predecessor-version":[{"id":4403,"href":"https:\/\/ploff.net\/en\/wp-json\/wp\/v2\/posts\/4396\/revisions\/4403"}],"wp:featuredmedia":[{"embeddable":true,"href":"https:\/\/ploff.net\/en\/wp-json\/wp\/v2\/media\/4400"}],"wp:attachment":[{"href":"https:\/\/ploff.net\/en\/wp-json\/wp\/v2\/media?parent=4396"}],"wp:term":[{"taxonomy":"category","embeddable":true,"href":"https:\/\/ploff.net\/en\/wp-json\/wp\/v2\/categories?post=4396"},{"taxonomy":"post_tag","embeddable":true,"href":"https:\/\/ploff.net\/en\/wp-json\/wp\/v2\/tags?post=4396"}],"curies":[{"name":"wp","href":"https:\/\/api.w.org\/{rel}","templated":true}]}}