{"id":4539,"date":"2022-04-30T11:57:11","date_gmt":"2022-04-30T14:57:11","guid":{"rendered":"https:\/\/ploff.net\/?p=4539"},"modified":"2022-04-30T11:57:11","modified_gmt":"2022-04-30T14:57:11","slug":"ba-256-acerca-de-las-narrativas","status":"publish","type":"post","link":"https:\/\/ploff.net\/en\/ba-256-acerca-de-las-narrativas\/","title":{"rendered":"(Espa\u00f1ol) BA 256 &#8211; Acerca de las Narrativas"},"content":{"rendered":"<p class=\"qtranxs-available-languages-message qtranxs-available-languages-message-en\">Sorry, this entry is only available in <a href=\"https:\/\/ploff.net\/es\/wp-json\/wp\/v2\/posts\/4539\" class=\"qtranxs-available-language-link qtranxs-available-language-link-es\" title=\"Espa\u00f1ol\">Espa\u00f1ol<\/a>. For the sake of viewer convenience, the content is shown below in the alternative language. You may click the link to switch the active language.<\/p><p><strong><u>BA 256: Acerca de las Narrativas. <\/u><\/strong><\/p>\n<p>&nbsp;<\/p>\n<p>El Conocimiento es Poder.<\/p>\n<p>O lo era antes.<\/p>\n<p>O en alg\u00fan momento lo fue.<\/p>\n<p>Pero ya no lo es.<\/p>\n<p>\u00bfConocimiento financiado por qui\u00e9n?<\/p>\n<p>El que tiene el poder, decide qu\u00e9 conocimientos se investigan y se imparten, c\u00f3mo, cu\u00e1ndo, direccionado hacia qu\u00e9 determinado grupo de personas, y con qu\u00e9 fin determinado. Y los que tienen el poder son los que, tanto del lado <strong>del<\/strong> <strong>libre mercado<\/strong> como del lado <strong>del Estado<\/strong> (dos caras de una misma moneda bailando un tango interminable) fueron sacando ventajas considerables y cuestionables <em>\u2013Mano Libre = Vale Todo-<\/em> y terminan llevando el juego del \u201cMonopoly\u201d y \u201cel Estanciero\u201d a la realidad. Y si, hasta nos lo venden en un juego de mesa para jugar en familia. Sano, \u00bfno?<\/p>\n<p>Y desde arriba, ellos hacen de todo:<\/p>\n<p>&#8212; Ponen y sacan presidentes; implantan golpes y derrocan estados;<\/p>\n<p>&#8212; Imponen estrategias econ\u00f3micas que siguen entubando ganancias hacia ellos y hundiendo a las masas;<\/p>\n<p>&#8212; Redactan los art\u00edculos raros\/laxos\/ambiguos de las leyes y logran que se aprueben;<\/p>\n<p>&#8212; <em>Financian desde arriba y de manera invisible<\/em> (traspapelada en toneladas de burocracia de organizaciones de la sociedad civil) <em>causas y movimientos sociales con el solo fin de que nos sigamos peleando por diferenciaciones que en realidad no existen porque somos Uno<\/em>;<\/p>\n<p>&nbsp;<\/p>\n<p><img loading=\"lazy\" decoding=\"async\" class=\"aligncenter size-full wp-image-4535\" src=\"https:\/\/ploff.net\/wp-content\/uploads\/2022\/04\/BA-256-Class-war.jpg\" alt=\"\" width=\"1080\" height=\"1685\" srcset=\"https:\/\/ploff.net\/wp-content\/uploads\/2022\/04\/BA-256-Class-war.jpg 1080w, https:\/\/ploff.net\/wp-content\/uploads\/2022\/04\/BA-256-Class-war-192x300.jpg 192w, https:\/\/ploff.net\/wp-content\/uploads\/2022\/04\/BA-256-Class-war-656x1024.jpg 656w, https:\/\/ploff.net\/wp-content\/uploads\/2022\/04\/BA-256-Class-war-768x1198.jpg 768w, https:\/\/ploff.net\/wp-content\/uploads\/2022\/04\/BA-256-Class-war-984x1536.jpg 984w, https:\/\/ploff.net\/wp-content\/uploads\/2022\/04\/BA-256-Class-war-33x52.jpg 33w\" sizes=\"auto, (max-width: 1080px) 100vw, 1080px\" \/><\/p>\n<p>&nbsp;<\/p>\n<p>&#8212; Nos infunden Miedo en todas sus formas con el objetivo subyacente de que sigamos aceptando d\u00f3cilmente los Estados de Control;<\/p>\n<p>&#8212; Nos previenen del peligro del bioterrorismo cuando ellos mismos est\u00e1n entongados en esos c\u00edrculos oscuros de investigaci\u00f3n;<\/p>\n<p>&#8212; Nos reconocen desde la NASA que existen los ovnis; eso s\u00ed: lo hicieron en el mes 1 o 2 de pandemia, cuando todos est\u00e1bamos <em>adentro, <\/em>acuarentenados\u2026 (\u00a1ya est\u00e1! \u00a1lo contaron! Pero nadie lo escuch\u00f3 porque estaban m\u00e1s preocupados por conseguir papel higi\u00e9nico en pack familiar, \u00bflo recuerdan?);<\/p>\n<p>&#8212; Nos trafican datos para sondear qu\u00e9 pol\u00edticos ofrecernos y seguir en la cultura del consumo.<\/p>\n<p>En definitiva, nos toman por unos sumisos ignorantes\u2026<\/p>\n<p><strong>Yo no tengo<\/strong>, obviamente, <strong>la soluci\u00f3n a estos problemas sist\u00e9micos. S\u00f3lo puedo apuntar hacia ellos y decir que estos temas no est\u00e1n siendo interpelados por los que deber\u00edan estar interpel\u00e1ndolos<\/strong>. Al contrario, hay una gran nube de Nada flotando alrededor de todo lo que pasa\u2026<\/p>\n<p>Pod\u00e9s tener conocimiento, ser portador de Verdad, de Evidencia, y que a nadie le importe. Mi abuelo, J. P. Howard, sol\u00eda citar una frase de Bartolom\u00e9 Mitre que dec\u00eda: <em>\u201ccuando todos se equivocan, todos tienen raz\u00f3n\u201d.<\/em> Y as\u00ed estamos, parados desde un inconsciente colectivo vaciado de contenido y sentido. Yo le agregar\u00eda una contra-frase que escuch\u00e9 por ah\u00ed: <em>cuando sos el \u00fanico que tiene raz\u00f3n, est\u00e1s equivocado.<\/em> Sino, cu\u00e1ntas veces vimos m\u00e9dicos e investigadores silenciados por intentar que miremos hacia otro lado que no sea <strong>la narrativa<\/strong> <em>\u2013la bajada de l\u00ednea-<\/em> que nos venden como lo que es normal y aceptable.<\/p>\n<p>&nbsp;<\/p>\n<p><img loading=\"lazy\" decoding=\"async\" class=\"aligncenter size-full wp-image-4534\" src=\"https:\/\/ploff.net\/wp-content\/uploads\/2022\/04\/BA-256-Bird.jpg\" alt=\"\" width=\"1080\" height=\"1247\" srcset=\"https:\/\/ploff.net\/wp-content\/uploads\/2022\/04\/BA-256-Bird.jpg 1080w, https:\/\/ploff.net\/wp-content\/uploads\/2022\/04\/BA-256-Bird-260x300.jpg 260w, https:\/\/ploff.net\/wp-content\/uploads\/2022\/04\/BA-256-Bird-887x1024.jpg 887w, https:\/\/ploff.net\/wp-content\/uploads\/2022\/04\/BA-256-Bird-768x887.jpg 768w, https:\/\/ploff.net\/wp-content\/uploads\/2022\/04\/BA-256-Bird-45x52.jpg 45w\" sizes=\"auto, (max-width: 1080px) 100vw, 1080px\" \/><\/p>\n<p>&nbsp;<\/p>\n<p>Pero, \u00a1ojo!, que a la larga, el 1% termina afectando al 99%&#8230; Esto es, las minor\u00edas siempre tienen esa funci\u00f3n catalizadora, como una enzima que cataliza una reacci\u00f3n qu\u00edmica. Basta con una peque\u00f1a cantidad para causar una reacci\u00f3n mayor en el sistema que lo contiene. Y les dir\u00eda que esto es lo \u00daNICO que me da un poco de esperanza real en el ser humano.<\/p>\n<p>Sin embargo, para los que trabajan por un mundo mejor, el camino es largo, sinuoso y plagado de humillaci\u00f3n, ridiculizaci\u00f3n y demonizaci\u00f3n. La fina l\u00ednea entre poder empatizar con tu pr\u00f3jimo accionando de determinada manera y martirizarte o inmolarte ideol\u00f3gicamente, terminando en que te silencien para siempre, o volverte loco <em>y ya no poder Conectar<\/em>, por ser un fundamentalista purista.<\/p>\n<p>El aire que rodea <strong>el Hacer un Mundo Mejor<\/strong> esta enviciado por la desinformaci\u00f3n, quinto jinete del apocalipsis. Por lo general, lo que realmente pasa no nos lo cuentan y lo que quieren que nos traguemos como real Realidad es lo que nos informan. <em>Fake News, Fake politicians, Fake Todo<\/em>\u2026 Los periodistas ya no se la juegan como antes, cuestionando al \u201c<em>establishment<\/em>\u201d. Por el contrario, est\u00e1n del lado de los extractivistas y magnates, defendiendo sus intereses con sus narrativas baratas.<\/p>\n<p>Ten\u00e9s que navegar en un mar de zaraza medi\u00e1tica buscando fuentes o bibliograf\u00eda para confiar a medias en lo que te dicen. Pandemia, Guerras, Extractivismo, <em>ya nadie tiene tiempo de mirar al cielo<\/em>, <em>ni de construir conocimiento nuevo buscando alternativas.<\/em> Y cuando <strong>s\u00ed<\/strong> encontr\u00e1s el dato bibliogr\u00e1fico que buscabas (para poder as\u00ed aspirar a formar tu propia opini\u00f3n, cr\u00edtica, al respecto de algo), <strong>no<\/strong> ten\u00e9s tiempo de leerlo porque es muy largo, y hoy todo es <em>INSTA<\/em>nt\u00e1neo, r\u00e1pido. Adem\u00e1s, <em>no tengo tiempo, estoy cansado, labur\u00e9 todo el d\u00eda, tengo cuentas e impuestos que pagar y no tengo tiempo para pensamientos revolucionarios ni mucho menos para cuestionarme mi modo de vida<\/em>\u2026<\/p>\n<p><em>&#8211; Pero, \u00a1dale! Relaj\u00e1. \u00a1Vamos a tomar algo!<\/em><\/p>\n<p><em>&#8211; Una calle podemos tomar\u2026<\/em><\/p>\n<p>De chico, en la escuela, me dijeron en clase de Lengua, que el titular de una nota de un diario deb\u00eda dar la noticia b\u00e1sica resumida. Hoy, todas las recomendaciones de \u201cnoticias\u201d que me arrima mi celular parecen oraciones vagas que no dicen nada\u2026 Y al entrar a leer los art\u00edculos, encuentro p\u00e1rrafos repetitivos que no cuentan nada m\u00e1s que un chimento sobre algo que quiz\u00e1s pudo haber llegado a ocurrir. En la escuela, tambi\u00e9n me contaron la historia desde los vencidos, pero nunca supe qu\u00e9 paso con los oprimidos a lo largo del tiempo. El <em>Santillana<\/em> y el <em>Kapelusz<\/em> no me lo contaron. Me lo cont\u00f3 Eduardo Galeano en <em>\u201cLas venas abiertas de Am\u00e9rica Latina\u201d<\/em>, mientras en la secundaria me daban para leer a <em>\u201cHarry Potter\u201d<\/em>.<\/p>\n<p><strong><em>\u00a1PEOR Hoy Mismo!<\/em><\/strong>, que en la escuela le est\u00e1n ense\u00f1ando a la generaci\u00f3n que viene que las buenas pr\u00e1cticas agr\u00edcolas son sin\u00f3nimo de seguridad alimentaria, protecci\u00f3n del medioambiente y salud humana\u2026 <strong><em>\u00a1Eufemismos retorcidos!<\/em><\/strong> La escuela no estimula la aparici\u00f3n de actores sociales con pensamiento cr\u00edtico, no\u2026 La escuela produjo siempre y est\u00e1 produciendo los futuros \u201cproductores y consumidores\u201d del pa\u00eds. \u00a1Y algunos se enorgullecen de esto!<\/p>\n<p>A veces me despierto y siento que estamos totalmente perdidos. Mis an\u00e1lisis m\u00e1s fr\u00edos, t\u00e9cnicos y rigurosos sobre <a href=\"https:\/\/www.millenniumassessment.org\/en\/index.html\" target=\"_blank\" rel=\"noopener\"><u>el estado de nuestros ecosistemas y sus servicios ecosist\u00e9micos<\/u><\/a> son, debo admitirles y admitirme a m\u00ed mismo de una buena vez por todas, absolutamente pesimistas. Y a partir de eso <strong>s\u00ed<\/strong>, pensar en una salida o alternativa de resiliencia, conservaci\u00f3n, mitigaci\u00f3n y resistencia. Siento que nos han mantenido a todos a base de <a href=\"https:\/\/ploff.net\/ba-246-el-morboso-pesimismo-de-malthus-la-desinformacion-minera-en-el-bolson-el-poder-transformador-de-una-vane\/\" target=\"_blank\" rel=\"noopener\"><u>ignorancia &amp; esperanza<\/u><\/a> porque, <strong>a sabiendas de que hace a\u00f1os hemos pasado el punto de no retorno en cuanto a la degradaci\u00f3n de nuestros sistemas vitales planetarios, nuestros l\u00edderes siguen haciendo las cosas como siempre las hicieron<\/strong>, a la vez que exacerbando los medios a trav\u00e9s de los cuales alcanzan sus fines, dando por sentado que no reaccionaremos, por puro miedo.<\/p>\n<p>Y hasta ahora les viene saliendo bastante bien. Sino miremos la guerra que se est\u00e1 desenlazando por el hemisferio norte, analicemos sus causas de fondo, las pujas de poder, los debates en cuanto a energ\u00eda. Miremos a China y sus pol\u00edticas de control de pandemia. Le\u00ed cr\u00edticas sobre los ciudadanos chinos, de que son mayor\u00eda amplia en oposici\u00f3n a los polic\u00edas y miembros de los organismos de control, y que podr\u00edan tranquilamente superar a sus opresores y vencerlos de la noche a la ma\u00f1ana. Pero, \u00bfacaso nosotros tambi\u00e9n no somos mayor\u00eda en este lado del mundo y nos siguen reprimiendo en todas las manifestaciones sociales habidas y por haber?<\/p>\n<p>Y, \u00bfqu\u00e9 nos quieren hacer interpretar\/creer? <em>Esto que dec\u00eda hoy m\u00e1s temprano de los \u201ct\u00edtulos\u201d retorcidos de los art\u00edculos period\u00edsticos..<\/em>. Le\u00eda un art\u00edculo del New York Times titulado <em>\u201cLa Guerra de Putin Ha Comenzado una Crisis Alimentaria Global\u201d (\u201cPutins\u00b4 War Has Started a Global Food Crisis\u201d)<\/em>. Leo el t\u00edtulo y pienso, <em>\u00c1pa, qu\u00e9 declaraci\u00f3n.<\/em> Digo, como si la crisis alimentaria no hubiese comenzado hace a\u00f1os atr\u00e1s. Pero lo curioso es que cuando me pongo a leer el cuerpo del art\u00edculo, encuentro: <em>\u201cantes de la guerra, 811 millones de personas alrededor del mundo no ten\u00edan suficiente para comer. Ese n\u00famero <strong>podr\u00eda<\/strong> incrementarse tremendamente esta temporada (\u2026) El cambio clim\u00e1tico agravar\u00e1 estos riesgos. En regiones agriculturales clave, las condiciones de sequ\u00eda son peores hoy que hace d\u00e9cadas atr\u00e1s\u201d.<\/em><\/p>\n<p>La negrita es m\u00eda, intentando resaltar la sutileza del uso del \u201ccondicional\u201d. Pero la otra sutileza es que esta oraci\u00f3n, donde se toma en consideraci\u00f3n al cambio clim\u00e1tico, t\u00e9rmino tan demonizado y bastardeado en su momento por esos mismos medios, est\u00e1 hacia el final de la nota (donde es m\u00e1s probable que el lector apurado no llegue). Pero el t\u00edtulo, y s\u00f3lo el t\u00edtulo, le tira el bardo a Rusia. Y <strong>el t\u00edtulo es lo que la mayor\u00eda de la gente lee, y con eso se forma la opini\u00f3n p\u00fablica, y con eso se justifican y se legitiman accionares geopol\u00edticos que impactan negativamente la vida de millones de personas<\/strong>.<\/p>\n<p>Con esto no estoy queriendo defender a Rusia. Para nada. Mi m\u00e1s sincera empat\u00eda por las p\u00e9rdidas que est\u00e1n ocurriendo en Ucrania. Creo que todos pensamos, ingenuamente, que ya hab\u00edamos superado, como especie, la etapa de cagarnos a tiros entre nosotros.<\/p>\n<p>S\u00ed pretendo cuestionar la forma en la que se nos presentan las cosas, las narrativas, y quienes est\u00e1n detr\u00e1s de los que nos cuentan las cosas. En todo caso, las atrocidades de Putin y sus avances militares vienen al pelo para seguir justificando la industria armamentista, embadurn\u00e1ndolo y present\u00e1ndonoslo como una Guerra por la Paz. Otra vez, <em>\u00a1eufemismos retorcidos!<\/em> Quiero decir, en el 2001 nos hicieron ver por televisi\u00f3n una operaci\u00f3n de falsa bandera, disfrazada de ataque terrorista, con las torres gemelas y su perfecta demolici\u00f3n, un manejo hollywoodense <em>de toda la wea<\/em>, para poder justificar una Guerra \u201ccontra el Terror\u201d y as\u00ed mantener a flote el flujo de petr\u00f3leo hacia occidente.<\/p>\n<p>U otro ejemplo medi\u00e1tico actual: se bardea-cuestiona a Elon Musk por comprar Twitter. Yo tengo mis diferencias de visi\u00f3n en cuanto a los rubros en los que el tipo invierte su dinero. Personalmente, me preocupar\u00eda m\u00e1s por administrar mejor nuestra propia energ\u00eda planetaria que lanzarme a la conquista de energ\u00eda del espacio exterior\u2026 Pero, por otro lado\u2026 tengo la leve impresi\u00f3n de que la NASA salt\u00f3 a confesar lo de los avistamientos de ovnis cuando vieron que les iba a ser <em>incareteable<\/em> seguir tap\u00e1ndolo, teniendo empresas privadas en una carrera al espacio, o teniendo cada vez m\u00e1s gente con celulares filmando hacia el cielo cosas extra\u00f1as de colores. No obstante, no sabemos qu\u00e9 suceder\u00e1 de esa plataforma, pero por el momento, pareciera que el objetivo de Musk es proteger \u201cel libre discurso\u201d.<\/p>\n<p>Acerca del \u201clibre discurso\u201d: en una sociedad que se ofende por todo, si no toleramos escuchar lo que el otro tiene para decir, a\u00fan cuando no estemos de acuerdo con lo que tiene para decir, entonces caemos dentro de un autoritarismo igual al que le criticamos a los gobiernos. Hace poco le\u00ed en un sensato meme: <em>\u201canunciar que \u201c<strong>Estoy Ofendido<\/strong>\u201d es b\u00e1sicamente decirle al mundo que no ten\u00e9s control de tus emociones, por lo que todos los dem\u00e1s deben hacerlo por vos\u201d<\/em> \u2013 y creo que es as\u00ed.<\/p>\n<p>&nbsp;<\/p>\n<p><img loading=\"lazy\" decoding=\"async\" class=\"aligncenter size-full wp-image-4538\" src=\"https:\/\/ploff.net\/wp-content\/uploads\/2022\/04\/BA-256-Spiderman.jpg\" alt=\"\" width=\"1080\" height=\"1398\" srcset=\"https:\/\/ploff.net\/wp-content\/uploads\/2022\/04\/BA-256-Spiderman.jpg 1080w, https:\/\/ploff.net\/wp-content\/uploads\/2022\/04\/BA-256-Spiderman-232x300.jpg 232w, https:\/\/ploff.net\/wp-content\/uploads\/2022\/04\/BA-256-Spiderman-791x1024.jpg 791w, https:\/\/ploff.net\/wp-content\/uploads\/2022\/04\/BA-256-Spiderman-768x994.jpg 768w, https:\/\/ploff.net\/wp-content\/uploads\/2022\/04\/BA-256-Spiderman-40x52.jpg 40w\" sizes=\"auto, (max-width: 1080px) 100vw, 1080px\" \/><\/p>\n<p>&nbsp;<\/p>\n<p>Si nos preocupa que un multimillonario sea due\u00f1o de una red social, \u00bfpor qu\u00e9 no nos preocupaba que Twitter antes <em>ya estaba cooptada por otro grupo de multimillonarios<\/em>?, o \u00bfpor qu\u00e9 no nos preocupamos antes con Mark Zuckerberg y Facebook?<\/p>\n<p>Y hablando del copado emp\u00e1tico humanoide de Mark, \u00bfqu\u00e9 me dicen del \u201cForever Mode\u201d que propone su Metaverso? Una opci\u00f3n que te inmortaliza para siempre, dejando a tu avatar vivo luego de que mueras, emulando tus respuestas y discurso. Eso s\u00ed, para hacerlo ten\u00e9s que entregar TODOS tus datos, todos, en cuanto a movimiento y decisiones que vas tomando d\u00eda a d\u00eda.<\/p>\n<p>\u00a1Te parametrizan \u00edntegro! S\u00ed, seguro, para mantener tu avatar andando, pero, independientemente de la carencia de conexi\u00f3n espiritual que te puede llevar a querer inmortalizarte en una plataforma de realidad virtual, <em>\u00bfno cabe la posibilidad de que todos estos meta-datos humanos que est\u00e1n traficando y almacenando a partir de nosotros no sirvan para ir perfeccionando m\u00e1s y m\u00e1s y m\u00e1s la inteligencia artificial?<\/em> Yo hace relativamente poco aprend\u00ed que los \u201c<em>captcha<\/em>\u201d, donde uno <em>clickea<\/em> entre sem\u00e1foros y sendas peatonales para demostrar que es un Humano, son meros entrenamientos para robots de inteligencia artificial.<\/p>\n<p>&nbsp;<\/p>\n<p><img loading=\"lazy\" decoding=\"async\" class=\"aligncenter size-full wp-image-4537\" src=\"https:\/\/ploff.net\/wp-content\/uploads\/2022\/04\/BA-256-Mark.jpg\" alt=\"\" width=\"1080\" height=\"687\" srcset=\"https:\/\/ploff.net\/wp-content\/uploads\/2022\/04\/BA-256-Mark.jpg 1080w, https:\/\/ploff.net\/wp-content\/uploads\/2022\/04\/BA-256-Mark-300x191.jpg 300w, https:\/\/ploff.net\/wp-content\/uploads\/2022\/04\/BA-256-Mark-1024x651.jpg 1024w, https:\/\/ploff.net\/wp-content\/uploads\/2022\/04\/BA-256-Mark-768x489.jpg 768w, https:\/\/ploff.net\/wp-content\/uploads\/2022\/04\/BA-256-Mark-67x43.jpg 67w\" sizes=\"auto, (max-width: 1080px) 100vw, 1080px\" \/><\/p>\n<p>&nbsp;<\/p>\n<p>Pero, no perdamos el foco. Ac\u00e1, sobre lo que quiero traer un poco de luz es acerca de que 1) no tenemos la menor idea de lo que est\u00e1 ocurriendo all\u00e1 arriba realmente, en los c\u00edrculos de poder; 2) muy posiblemente NO sea la versi\u00f3n que nos cuentan y 3) aqu\u00ed lo que hay que empezar a desenmara\u00f1ar es qui\u00e9n financia a qui\u00e9n. Y hacerlo <em>silbando bajito<\/em>, porque si investig\u00e1s demasiado, sos boleta. Ya hay toneladas de docuemntales en internet, que ser\u00eda genial leer, ver o descargar antes de que no est\u00e9n disponible (la quema de los libros de Alejandr\u00eda no est\u00e1 tan lejos, ni mucho menos 1984).<\/p>\n<p>Las cosas que importan suceden detr\u00e1s de un manto de niebla medi\u00e1tico, logrando que los ciudadanos con poder de cambio, con poder de accionar real en el sistema <em>-llam\u00e9mosle, la clase media, cada vez m\u00e1s reducida por caer en la pobreza-<\/em>, se distraiga con Will Smith pegando una trompada en los Oscars; o con \u00e9sta y aquel que se metieron los cuernos con fulano de la far\u00e1ndula, o fanatizados con alg\u00fan equipo o \u00edcono deportivo; o viendo el juicio de Johnny Depp en vivo por YouTube <em>(cuando el juicio de la esposa de Epstein no sali\u00f3 televisado en ning\u00fan lado)<\/em> con el fin de alimentar esta polarizaci\u00f3n de g\u00e9neros\/identidades; o celebrando que una nadadora trans gane competencias deportivas compitiendo contra mujeres biol\u00f3gicas y percibiendo eso como una victoria de la equidad, llevando nuestra atenci\u00f3n a esos temas 24\/7.<\/p>\n<p>Eleanor Roosevelt dec\u00eda: <strong><em>\u201clas grandes mentes hablan sobre ideas; las mentes promedio hablan sobre eventos; las mentes peque\u00f1as hablan sobre las personas\u201d<\/em><\/strong>. Reci\u00e9n ahora creo que lo entiendo. Porque escucho a todo el mundo hablando de <em>puter\u00edos<\/em> y no de lo que es importante.<\/p>\n<p>Y es que hay que tener cuidado. <strong>Es cierto que somos diversos y diferentes, pero somos Uno despu\u00e9s de todo, y en las polarizaciones, perdemos. <\/strong>El capitalismo gener\u00f3 tantos bienes y servicios, que ahora uno nunca sabe lo que quiere, y no sabe qu\u00e9 elegir, y no importa qu\u00e9 elija, siempre se arrepentir\u00e1 de su decisi\u00f3n, cuestion\u00e1ndose si no habr\u00eda habido otra opci\u00f3n mejor, habiendo tanto para elegir. Esto se llama \u201cLa paradoja de la elecci\u00f3n\u201d \/ <em>The Paradox of Choice<\/em> \/ y ya ha sido abordado diez a\u00f1os atr\u00e1s, en un viej\u00edsimo y empolvado ensayo del 2012, titulado: <em>\u201c<a href=\"https:\/\/ploff.net\/boletin-consciente-n-82\/\" target=\"_blank\" rel=\"noopener\">La paradoja de tomar decisiones y la redistribuci\u00f3n ambiental de los recursos<\/a>\u201d<\/em>. Mi cuestionamiento ahora, o lo que estoy empezando a pensar es que <strong>\u00a1no vaya a ser cosa que los tipos analizaron la psicolog\u00eda de control mental que supone tener a toda la poblaci\u00f3n desvalorada e indecisa con respecto a s\u00ed misma y sus decisiones, a la vez que antagonizada entre s\u00ed!<\/strong> El \u201cDivide &amp; Vencer\u00e1s\u201d nunca cambia de moda, pero s\u00ed de formas y de medios para lograr ese fin.<\/p>\n<p>Mientras nos mantienen polarizados, por detr\u00e1s del tel\u00f3n suceden cosas mucho m\u00e1s importantes. Y lo m\u00e1s loco de todo es que no estoy diciendo que NO nos lo digan. Encuentro art\u00edculos donde tiran alguna bomba, la comunican, pero no le dan la trascendencia o el poder comunicacional como para que realmente permee en la sociedad toda. Porque la sociedad toda est\u00e1 luchando por llegar a fin de mes. Por ejemplo, el debate de un tratado internacional sobre la prevenci\u00f3n y preparaci\u00f3n ante pandemias, a activarse a partir del 2024. \u00bfQu\u00e9 implicancia tiene este tipo de acuerdo sobre la soberan\u00eda de cada pa\u00eds?<\/p>\n<p>\u00bfY qui\u00e9nes son ellos, los de arriba de todo, los que van manteniendo todo este circo andando? Ni falta hace mencionarlos. Los due\u00f1os de todo, due\u00f1os de los bancos, de la tecnolog\u00eda, de los medios de comunicaci\u00f3n, de los avances cient\u00edficos, de los recursos naturales, los fabricantes de armas, los gobiernos, etc\u2026 <em>Big Tech, Big Oil, Big Pharma, Food Inc\u2026. <\/em>Los sospechosos de siempre.<\/p>\n<p>Escuchando a Javiera Barandiar\u00e1n, en una charla que dio el pasado lunes 4 de abril de este a\u00f1o, titulada: <em>\u201cLo que el Estado Neoliberal No Sabe\u201d<\/em>, entend\u00ed que <strong>existe una carrera de desprestigio hacia la ciencia<\/strong>, hecha por parte de funcionarios pol\u00edticos, dejando de creer en la objetividad de la ciencia. Ella recomendaba fuertemente que las evaluaciones de impacto ambiental incluyan una mayor cantidad de participaci\u00f3n ciudadana\u2026 pero sabemos que, desafortunadamente, las audiencias p\u00fablicas siguen siendo <em>no vinculantes<\/em> a la hora de tomar una decisi\u00f3n para promulgar o derogar una ley. En otras palabras, lo que la gente tenga para decir <u>no<\/u>-importa. Aunque a veces s\u00ed\u2026 cuando se hacen escraches pol\u00edticos o manifestaciones masivas en contra del extractivismo, pero no siempre.<\/p>\n<p>\u00a1Y claro que hay un desprestigio hacia la ciencia! Si <strong>es la ciencia misma la que ya est\u00e1 demostrando evidencias suficientes y concluyentes de que la matriz productiva que sostiene nuestro sistema de consumo debe cambiar, dado su impacto ambiental negativo sobre los ecosistemas y la salud humana.<\/strong> Suena a oraci\u00f3n repetitiva, pero a\u00fan parece que no entra.<\/p>\n<p>Y los agroqu\u00edmicos en el agua y en el aire son s\u00f3lo un ejemplo\u2026 \u00a1Much\u00edsimos r\u00edos del mundo est\u00e1n contaminados con restos de f\u00e1rmacos! O no olvidemos las islas de basura en los oc\u00e9anos, ni los galones de aguas sin tratar que vuelven a las napas. Un desastre.<\/p>\n<p>Madre Gaia nos despide, abraz\u00e1ndonos, nosotros le pedimos perd\u00f3n por estar mat\u00e1ndola, y ella se nos caga de risa, humildemente, y nos dice: <em>\u201c\u00a1Pobre mi querido humano auto centrado en s\u00ed mismo y en su ego! Ustedes son los que no van a sobrevivir. La Naturaleza siempre encontrar\u00e1 una forma de prevalecer y florecer y multiplicarse y prevalecer en nuevas y biodiversas formas\u2026 Pero Ustedes\u2026 Ustedes son los que se la van perder\u201d<\/em>.<\/p>\n<p>Y eso, eso s\u00ed que me deja regulando\u2026<\/p>\n<p>&nbsp;<\/p>\n<p>Hasta m\u00e1s pronto que tarde,<\/p>\n<p><strong><u>\u00a0<\/u><\/strong><\/p>\n<p>Brian Longstaff Howard.-<\/p>\n<p><strong><u>\u00a0<\/u><\/strong><\/p>\n<p><strong><u>\u00a0<\/u><\/strong><\/p>\n<p><strong><u>\u00a0<\/u><\/strong><\/p>\n<p><strong><u>Referencias y links de inter\u00e9s que inspiraron este ensayo:<\/u><\/strong><\/p>\n<p>&nbsp;<\/p>\n<p><strong>Millennium Ecosystem Assessment. <\/strong>Visto en primer a\u00f1o de la facu, all\u00e1 por el a\u00f1o 2011.<\/p>\n<p><a href=\"https:\/\/www.millenniumassessment.org\/en\/index.html\">https:\/\/www.millenniumassessment.org\/en\/index.html<\/a><\/p>\n<p>&nbsp;<\/p>\n<p><strong>CNN<\/strong> Politics. <em>\u201cPentagon officially releases UFO videos\u201d (el Pent\u00e1gono oficialmente revela videos de OVNIs)<\/em>. <strong>Fecha: 29 de abril del 2020!!!!!!<\/strong><\/p>\n<p><a href=\"https:\/\/edition.cnn.com\/2020\/04\/27\/politics\/pentagon-ufo-videos\/index.html\">https:\/\/edition.cnn.com\/2020\/04\/27\/politics\/pentagon-ufo-videos\/index.html<\/a><\/p>\n<p>De hecho, en este art\u00edculo dice: \u201cEl Pent\u00e1gono ha revelado oficialmente tres videos cortos mostrando <em>\u201cfen\u00f3menos a\u00e9reos no identificados\u201d que han sido previamente lanzados <strong>por una empresa privada<\/strong>\u201d,<\/em> lo cual prueba mi pseudo-teor\u00eda que les tir\u00e9 m\u00e1s arriba.\u00a0 \ud83d\ude09<\/p>\n<p>&nbsp;<\/p>\n<p><strong>Russell Brand<\/strong>. \u201cElon Buys Twitter &#8211; My Reaction: Elon Musk has clinched a deal to buy Twitter for $44 billion \u2013 but what are the many protestations from the media REALLY about?\u201d<\/p>\n<p><a href=\"https:\/\/www.youtube.com\/watch?v=lTQoarbYg9Q\">https:\/\/www.youtube.com\/watch?v=lTQoarbYg9Q<\/a><\/p>\n<p>&nbsp;<\/p>\n<p><strong>Russell Brand<\/strong>. <em>\u201cThe Metaverse: This Changes Everything: A metaverse company is developing a way for people to talk to their loved ones even after they die \u2026and all it requires is massive amounts of your personal data!\u201d<\/em><\/p>\n<p><a href=\"https:\/\/www.youtube.com\/watch?v=FVo0RlUv29k\">https:\/\/www.youtube.com\/watch?v=FVo0RlUv29k<\/a><\/p>\n<p>&nbsp;<\/p>\n<p>\u201cPutins\u00b4 War Has Started a Global Food Crisis\u201d. <strong>New York Times<\/strong>.<\/p>\n<p><a href=\"https:\/\/www-nytimes-com.cdn.ampproject.org\/c\/s\/www.nytimes.com\/2022\/04\/05\/opinion\/ukraine-war-food-crisis.amp.html\">https:\/\/www-nytimes-com.cdn.ampproject.org\/c\/s\/www.nytimes.com\/2022\/04\/05\/opinion\/ukraine-war-food-crisis.amp.html<\/a><\/p>\n<p>&nbsp;<\/p>\n<p>\u201cEmpieza en la OMS el debate por un tratado para futuras pandemias\u201d. <strong>Telam<\/strong>. 27 de noviembre del 2021. Link:<\/p>\n<p><a href=\"https:\/\/www.telam.com.ar\/notas\/202111\/576153-oms-debate-futuras-pandemias.html\">https:\/\/www.telam.com.ar\/notas\/202111\/576153-oms-debate-futuras-pandemias.html<\/a><\/p>\n<p>&nbsp;<\/p>\n<p>\u201cUn tratado internacional sobre la prevenci\u00f3n y preparaci\u00f3n ante pandemias\u201d. Art\u00edculo del Consejo Europeo y el Consejo de la Uni\u00f3n Europea. Link:<\/p>\n<p><a href=\"https:\/\/www.consilium.europa.eu\/es\/policies\/coronavirus\/pandemic-treaty\/\">https:\/\/www.consilium.europa.eu\/es\/policies\/coronavirus\/pandemic-treaty\/<\/a><\/p>\n<p><u>\u00a0<\/u><\/p>\n<p><strong>After Skool<\/strong>: <em>\u201cNew Discoveries That Completely Alter Human History \u2013 UnchartedX\u201d &#8211; UnchartedX es un canal de YouTube que explora anomal\u00edas en la historia Antigua y examina formas posibles de alta tecnolog\u00eda. Ben, el creador de UnchartedX, es un explorador, un productor de videos y estudiante de civilizaciones ancestrales perdidas \u2013 <\/em>traducido de la descripci\u00f3n del video.<\/p>\n<p><a href=\"https:\/\/www.youtube.com\/watch?v=3qXuAzzVOTQ\">https:\/\/www.youtube.com\/watch?v=3qXuAzzVOTQ<\/a><\/p>\n<p><u>\u00a0<\/u><\/p>\n<p><u>Pel\u00edculas:<\/u><\/p>\n<p><strong>&#8211; Zeitgeist.<\/strong><\/p>\n<p><strong>&#8211; Vice.<\/strong><\/p>\n<p><strong>&#8211; Lord of War.<\/strong><\/p>\n<p>&nbsp;<\/p>\n<p><img loading=\"lazy\" decoding=\"async\" class=\"aligncenter size-full wp-image-4536\" src=\"https:\/\/ploff.net\/wp-content\/uploads\/2022\/04\/BA-256-Eleanor.jpg\" alt=\"\" width=\"1080\" height=\"1060\" srcset=\"https:\/\/ploff.net\/wp-content\/uploads\/2022\/04\/BA-256-Eleanor.jpg 1080w, https:\/\/ploff.net\/wp-content\/uploads\/2022\/04\/BA-256-Eleanor-300x294.jpg 300w, https:\/\/ploff.net\/wp-content\/uploads\/2022\/04\/BA-256-Eleanor-1024x1005.jpg 1024w, https:\/\/ploff.net\/wp-content\/uploads\/2022\/04\/BA-256-Eleanor-768x754.jpg 768w, https:\/\/ploff.net\/wp-content\/uploads\/2022\/04\/BA-256-Eleanor-53x52.jpg 53w\" sizes=\"auto, (max-width: 1080px) 100vw, 1080px\" \/><\/p>\n<p>&nbsp;<\/p>\n<p><strong><u>Agradecimientos:<\/u><\/strong><\/p>\n<p>Agradecer a mis patrocinadores, que conf\u00edan en mi trabajo y la generaci\u00f3n de contenidos art\u00edstico-informativos que bajo al papel. Ellas y ellos logran que siga escribiendo hasta llegar a fin de mes. \u00a1Gracias!:\u00a0<strong>Lucila Masera, Mar\u00eda Carla Gallini, Leon Zaldivar Jarabo, Eduardo Wydler, Lihuel Peinetti, Mar\u00eda Eugenia Varela, Mar\u00eda Jos\u00e9 Howard, Agust\u00edn Estala, Alison Longstaff, Sabrina Tellini, Gustavo Nervegna, Laura Pagani, John Kleuser, Mariana Pagella, Carlos Ezequiel Benvenuto Manarin, Pilar Pag\u00e9s, Santiago Eduardo Smith<\/strong>,\u00a0<strong>Andr\u00e9s Hillion &amp; Alexander Longstaff<\/strong>. Tambi\u00e9n dar las gracias a \u2018Bow &amp; Tie Micro Roastery\u2019 por su patrocinio.<\/p>\n<p>\u00a1Vos tambi\u00e9n podes ayudar a respaldar a Ploff en Patreon! Ingresando a:\u00a0<a href=\"https:\/\/www.patreon.com\/ploffawareness\">https:\/\/www.patreon.com\/ploffawareness<\/a><\/p>\n<p>&nbsp;<\/p>\n<p><img loading=\"lazy\" decoding=\"async\" class=\"aligncenter size-full wp-image-4349\" src=\"https:\/\/ploff.net\/wp-content\/uploads\/2021\/04\/BA-246-Patreon-Cover-scaled.jpg\" alt=\"\" width=\"2560\" height=\"640\" srcset=\"https:\/\/ploff.net\/wp-content\/uploads\/2021\/04\/BA-246-Patreon-Cover-scaled.jpg 2560w, https:\/\/ploff.net\/wp-content\/uploads\/2021\/04\/BA-246-Patreon-Cover-300x75.jpg 300w, https:\/\/ploff.net\/wp-content\/uploads\/2021\/04\/BA-246-Patreon-Cover-1024x256.jpg 1024w, https:\/\/ploff.net\/wp-content\/uploads\/2021\/04\/BA-246-Patreon-Cover-768x192.jpg 768w, https:\/\/ploff.net\/wp-content\/uploads\/2021\/04\/BA-246-Patreon-Cover-1536x384.jpg 1536w, https:\/\/ploff.net\/wp-content\/uploads\/2021\/04\/BA-246-Patreon-Cover-2048x512.jpg 2048w, https:\/\/ploff.net\/wp-content\/uploads\/2021\/04\/BA-246-Patreon-Cover-67x17.jpg 67w\" sizes=\"auto, (max-width: 2560px) 100vw, 2560px\" \/><\/p>","protected":false},"excerpt":{"rendered":"<p>Sorry, this entry is only available in Espa\u00f1ol. For the sake of viewer convenience, the content is shown below in the alternative language. You may click the link to switch the active language.BA 256: Acerca de las Narrativas. &nbsp; El Conocimiento es Poder. O lo era antes. O en alg\u00fan momento lo fue. Pero ya [&hellip;]<\/p>\n","protected":false},"author":2,"featured_media":4534,"comment_status":"open","ping_status":"open","sticky":false,"template":"","format":"standard","meta":{"_monsterinsights_skip_tracking":false,"_monsterinsights_sitenote_active":false,"_monsterinsights_sitenote_note":"","_monsterinsights_sitenote_category":0,"footnotes":""},"categories":[2],"tags":[],"class_list":["post-4539","post","type-post","status-publish","format-standard","has-post-thumbnail","hentry","category-boletin"],"yoast_head":"<!-- This site is optimized with the Yoast SEO plugin v24.3 - https:\/\/yoast.com\/wordpress\/plugins\/seo\/ -->\n<title>(Espa\u00f1ol) BA 256 - Acerca de las Narrativas - Ploff.net<\/title>\n<meta name=\"robots\" content=\"index, follow, max-snippet:-1, max-image-preview:large, max-video-preview:-1\" \/>\n<link rel=\"canonical\" href=\"https:\/\/ploff.net\/en\/ba-256-acerca-de-las-narrativas\/\" \/>\n<meta property=\"og:locale\" content=\"en_US\" \/>\n<meta property=\"og:type\" content=\"article\" \/>\n<meta property=\"og:title\" content=\"(Espa\u00f1ol) BA 256 - Acerca de las Narrativas - Ploff.net\" \/>\n<meta property=\"og:description\" content=\"Sorry, this entry is only available in Espa\u00f1ol. For the sake of viewer convenience, the content is shown below in the alternative language. You may click the link to switch the active language.BA 256: Acerca de las Narrativas. &nbsp; El Conocimiento es Poder. O lo era antes. O en alg\u00fan momento lo fue. Pero ya [&hellip;]\" \/>\n<meta property=\"og:url\" content=\"https:\/\/ploff.net\/en\/ba-256-acerca-de-las-narrativas\/\" \/>\n<meta property=\"og:site_name\" content=\"Ploff.net\" \/>\n<meta property=\"article:publisher\" content=\"https:\/\/www.facebook.com\/ploffnet\/\" \/>\n<meta property=\"article:published_time\" content=\"2022-04-30T14:57:11+00:00\" \/>\n<meta property=\"og:image\" content=\"https:\/\/ploff.net\/wp-content\/uploads\/2022\/04\/BA-256-Bird.jpg\" \/>\n\t<meta property=\"og:image:width\" content=\"1080\" \/>\n\t<meta property=\"og:image:height\" content=\"1247\" \/>\n\t<meta property=\"og:image:type\" content=\"image\/jpeg\" \/>\n<meta name=\"author\" content=\"Brian Longstaff\" \/>\n<meta name=\"twitter:card\" content=\"summary_large_image\" \/>\n<meta name=\"twitter:label1\" content=\"Written by\" \/>\n\t<meta name=\"twitter:data1\" content=\"Brian Longstaff\" \/>\n\t<meta name=\"twitter:label2\" content=\"Est. reading time\" \/>\n\t<meta name=\"twitter:data2\" content=\"19 minutes\" \/>\n<script type=\"application\/ld+json\" class=\"yoast-schema-graph\">{\"@context\":\"https:\/\/schema.org\",\"@graph\":[{\"@type\":\"Article\",\"@id\":\"https:\/\/ploff.net\/en\/ba-256-acerca-de-las-narrativas\/#article\",\"isPartOf\":{\"@id\":\"https:\/\/ploff.net\/en\/ba-256-acerca-de-las-narrativas\/\"},\"author\":{\"name\":\"Brian Longstaff\",\"@id\":\"https:\/\/ploff.net\/#\/schema\/person\/50f4145b8c3f93374cec32f352d4244a\"},\"headline\":\"(Espa\u00f1ol) BA 256 &#8211; Acerca de las Narrativas\",\"datePublished\":\"2022-04-30T14:57:11+00:00\",\"dateModified\":\"2022-04-30T14:57:11+00:00\",\"mainEntityOfPage\":{\"@id\":\"https:\/\/ploff.net\/en\/ba-256-acerca-de-las-narrativas\/\"},\"wordCount\":3711,\"commentCount\":0,\"publisher\":{\"@id\":\"https:\/\/ploff.net\/#organization\"},\"image\":{\"@id\":\"https:\/\/ploff.net\/en\/ba-256-acerca-de-las-narrativas\/#primaryimage\"},\"thumbnailUrl\":\"https:\/\/ploff.net\/wp-content\/uploads\/2022\/04\/BA-256-Bird.jpg\",\"articleSection\":[\"Boletin\"],\"inLanguage\":\"en-US\",\"potentialAction\":[{\"@type\":\"CommentAction\",\"name\":\"Comment\",\"target\":[\"https:\/\/ploff.net\/en\/ba-256-acerca-de-las-narrativas\/#respond\"]}]},{\"@type\":\"WebPage\",\"@id\":\"https:\/\/ploff.net\/en\/ba-256-acerca-de-las-narrativas\/\",\"url\":\"https:\/\/ploff.net\/en\/ba-256-acerca-de-las-narrativas\/\",\"name\":\"(Espa\u00f1ol) BA 256 - Acerca de las Narrativas - Ploff.net\",\"isPartOf\":{\"@id\":\"https:\/\/ploff.net\/#website\"},\"primaryImageOfPage\":{\"@id\":\"https:\/\/ploff.net\/en\/ba-256-acerca-de-las-narrativas\/#primaryimage\"},\"image\":{\"@id\":\"https:\/\/ploff.net\/en\/ba-256-acerca-de-las-narrativas\/#primaryimage\"},\"thumbnailUrl\":\"https:\/\/ploff.net\/wp-content\/uploads\/2022\/04\/BA-256-Bird.jpg\",\"datePublished\":\"2022-04-30T14:57:11+00:00\",\"dateModified\":\"2022-04-30T14:57:11+00:00\",\"breadcrumb\":{\"@id\":\"https:\/\/ploff.net\/en\/ba-256-acerca-de-las-narrativas\/#breadcrumb\"},\"inLanguage\":\"en-US\",\"potentialAction\":[{\"@type\":\"ReadAction\",\"target\":[\"https:\/\/ploff.net\/en\/ba-256-acerca-de-las-narrativas\/\"]}]},{\"@type\":\"ImageObject\",\"inLanguage\":\"en-US\",\"@id\":\"https:\/\/ploff.net\/en\/ba-256-acerca-de-las-narrativas\/#primaryimage\",\"url\":\"https:\/\/ploff.net\/wp-content\/uploads\/2022\/04\/BA-256-Bird.jpg\",\"contentUrl\":\"https:\/\/ploff.net\/wp-content\/uploads\/2022\/04\/BA-256-Bird.jpg\",\"width\":1080,\"height\":1247},{\"@type\":\"BreadcrumbList\",\"@id\":\"https:\/\/ploff.net\/en\/ba-256-acerca-de-las-narrativas\/#breadcrumb\",\"itemListElement\":[{\"@type\":\"ListItem\",\"position\":1,\"name\":\"Portada\",\"item\":\"https:\/\/ploff.net\/\"},{\"@type\":\"ListItem\",\"position\":2,\"name\":\"(Espa\u00f1ol) BA 256 &#8211; Acerca de las Narrativas\"}]},{\"@type\":\"WebSite\",\"@id\":\"https:\/\/ploff.net\/#website\",\"url\":\"https:\/\/ploff.net\/\",\"name\":\"Ploff.net - Amor, Paz, Unidad y Amistad\",\"description\":\"Love, Peace, Unity, Friendship.\",\"publisher\":{\"@id\":\"https:\/\/ploff.net\/#organization\"},\"potentialAction\":[{\"@type\":\"SearchAction\",\"target\":{\"@type\":\"EntryPoint\",\"urlTemplate\":\"https:\/\/ploff.net\/?s={search_term_string}\"},\"query-input\":{\"@type\":\"PropertyValueSpecification\",\"valueRequired\":true,\"valueName\":\"search_term_string\"}}],\"inLanguage\":\"en-US\"},{\"@type\":\"Organization\",\"@id\":\"https:\/\/ploff.net\/#organization\",\"name\":\"Ploff\",\"url\":\"https:\/\/ploff.net\/\",\"logo\":{\"@type\":\"ImageObject\",\"inLanguage\":\"en-US\",\"@id\":\"https:\/\/ploff.net\/#\/schema\/logo\/image\/\",\"url\":\"https:\/\/ploff.net\/wp-content\/uploads\/2020\/04\/ploff-logo.jpg\",\"contentUrl\":\"https:\/\/ploff.net\/wp-content\/uploads\/2020\/04\/ploff-logo.jpg\",\"width\":180,\"height\":180,\"caption\":\"Ploff\"},\"image\":{\"@id\":\"https:\/\/ploff.net\/#\/schema\/logo\/image\/\"},\"sameAs\":[\"https:\/\/www.facebook.com\/ploffnet\/\",\"https:\/\/www.youtube.com\/user\/Ploffnet\"]},{\"@type\":\"Person\",\"@id\":\"https:\/\/ploff.net\/#\/schema\/person\/50f4145b8c3f93374cec32f352d4244a\",\"name\":\"Brian Longstaff\",\"image\":{\"@type\":\"ImageObject\",\"inLanguage\":\"en-US\",\"@id\":\"https:\/\/ploff.net\/#\/schema\/person\/image\/\",\"url\":\"https:\/\/secure.gravatar.com\/avatar\/6e54b28b52182bb68ba2cc9bc60c83c6?s=96&d=mm&r=g\",\"contentUrl\":\"https:\/\/secure.gravatar.com\/avatar\/6e54b28b52182bb68ba2cc9bc60c83c6?s=96&d=mm&r=g\",\"caption\":\"Brian Longstaff\"},\"url\":\"https:\/\/ploff.net\/en\/author\/brian\/\"}]}<\/script>\n<!-- \/ Yoast SEO plugin. -->","yoast_head_json":{"title":"(Espa\u00f1ol) BA 256 - Acerca de las Narrativas - Ploff.net","robots":{"index":"index","follow":"follow","max-snippet":"max-snippet:-1","max-image-preview":"max-image-preview:large","max-video-preview":"max-video-preview:-1"},"canonical":"https:\/\/ploff.net\/en\/ba-256-acerca-de-las-narrativas\/","og_locale":"en_US","og_type":"article","og_title":"(Espa\u00f1ol) BA 256 - Acerca de las Narrativas - Ploff.net","og_description":"Sorry, this entry is only available in Espa\u00f1ol. For the sake of viewer convenience, the content is shown below in the alternative language. You may click the link to switch the active language.BA 256: Acerca de las Narrativas. &nbsp; El Conocimiento es Poder. O lo era antes. O en alg\u00fan momento lo fue. Pero ya [&hellip;]","og_url":"https:\/\/ploff.net\/en\/ba-256-acerca-de-las-narrativas\/","og_site_name":"Ploff.net","article_publisher":"https:\/\/www.facebook.com\/ploffnet\/","article_published_time":"2022-04-30T14:57:11+00:00","og_image":[{"width":1080,"height":1247,"url":"https:\/\/ploff.net\/wp-content\/uploads\/2022\/04\/BA-256-Bird.jpg","type":"image\/jpeg"}],"author":"Brian Longstaff","twitter_card":"summary_large_image","twitter_misc":{"Written by":"Brian Longstaff","Est. reading time":"19 minutes"},"schema":{"@context":"https:\/\/schema.org","@graph":[{"@type":"Article","@id":"https:\/\/ploff.net\/en\/ba-256-acerca-de-las-narrativas\/#article","isPartOf":{"@id":"https:\/\/ploff.net\/en\/ba-256-acerca-de-las-narrativas\/"},"author":{"name":"Brian Longstaff","@id":"https:\/\/ploff.net\/#\/schema\/person\/50f4145b8c3f93374cec32f352d4244a"},"headline":"(Espa\u00f1ol) BA 256 &#8211; Acerca de las Narrativas","datePublished":"2022-04-30T14:57:11+00:00","dateModified":"2022-04-30T14:57:11+00:00","mainEntityOfPage":{"@id":"https:\/\/ploff.net\/en\/ba-256-acerca-de-las-narrativas\/"},"wordCount":3711,"commentCount":0,"publisher":{"@id":"https:\/\/ploff.net\/#organization"},"image":{"@id":"https:\/\/ploff.net\/en\/ba-256-acerca-de-las-narrativas\/#primaryimage"},"thumbnailUrl":"https:\/\/ploff.net\/wp-content\/uploads\/2022\/04\/BA-256-Bird.jpg","articleSection":["Boletin"],"inLanguage":"en-US","potentialAction":[{"@type":"CommentAction","name":"Comment","target":["https:\/\/ploff.net\/en\/ba-256-acerca-de-las-narrativas\/#respond"]}]},{"@type":"WebPage","@id":"https:\/\/ploff.net\/en\/ba-256-acerca-de-las-narrativas\/","url":"https:\/\/ploff.net\/en\/ba-256-acerca-de-las-narrativas\/","name":"(Espa\u00f1ol) BA 256 - Acerca de las Narrativas - Ploff.net","isPartOf":{"@id":"https:\/\/ploff.net\/#website"},"primaryImageOfPage":{"@id":"https:\/\/ploff.net\/en\/ba-256-acerca-de-las-narrativas\/#primaryimage"},"image":{"@id":"https:\/\/ploff.net\/en\/ba-256-acerca-de-las-narrativas\/#primaryimage"},"thumbnailUrl":"https:\/\/ploff.net\/wp-content\/uploads\/2022\/04\/BA-256-Bird.jpg","datePublished":"2022-04-30T14:57:11+00:00","dateModified":"2022-04-30T14:57:11+00:00","breadcrumb":{"@id":"https:\/\/ploff.net\/en\/ba-256-acerca-de-las-narrativas\/#breadcrumb"},"inLanguage":"en-US","potentialAction":[{"@type":"ReadAction","target":["https:\/\/ploff.net\/en\/ba-256-acerca-de-las-narrativas\/"]}]},{"@type":"ImageObject","inLanguage":"en-US","@id":"https:\/\/ploff.net\/en\/ba-256-acerca-de-las-narrativas\/#primaryimage","url":"https:\/\/ploff.net\/wp-content\/uploads\/2022\/04\/BA-256-Bird.jpg","contentUrl":"https:\/\/ploff.net\/wp-content\/uploads\/2022\/04\/BA-256-Bird.jpg","width":1080,"height":1247},{"@type":"BreadcrumbList","@id":"https:\/\/ploff.net\/en\/ba-256-acerca-de-las-narrativas\/#breadcrumb","itemListElement":[{"@type":"ListItem","position":1,"name":"Portada","item":"https:\/\/ploff.net\/"},{"@type":"ListItem","position":2,"name":"(Espa\u00f1ol) BA 256 &#8211; Acerca de las Narrativas"}]},{"@type":"WebSite","@id":"https:\/\/ploff.net\/#website","url":"https:\/\/ploff.net\/","name":"Ploff.net - Amor, Paz, Unidad y Amistad","description":"Love, Peace, Unity, Friendship.","publisher":{"@id":"https:\/\/ploff.net\/#organization"},"potentialAction":[{"@type":"SearchAction","target":{"@type":"EntryPoint","urlTemplate":"https:\/\/ploff.net\/?s={search_term_string}"},"query-input":{"@type":"PropertyValueSpecification","valueRequired":true,"valueName":"search_term_string"}}],"inLanguage":"en-US"},{"@type":"Organization","@id":"https:\/\/ploff.net\/#organization","name":"Ploff","url":"https:\/\/ploff.net\/","logo":{"@type":"ImageObject","inLanguage":"en-US","@id":"https:\/\/ploff.net\/#\/schema\/logo\/image\/","url":"https:\/\/ploff.net\/wp-content\/uploads\/2020\/04\/ploff-logo.jpg","contentUrl":"https:\/\/ploff.net\/wp-content\/uploads\/2020\/04\/ploff-logo.jpg","width":180,"height":180,"caption":"Ploff"},"image":{"@id":"https:\/\/ploff.net\/#\/schema\/logo\/image\/"},"sameAs":["https:\/\/www.facebook.com\/ploffnet\/","https:\/\/www.youtube.com\/user\/Ploffnet"]},{"@type":"Person","@id":"https:\/\/ploff.net\/#\/schema\/person\/50f4145b8c3f93374cec32f352d4244a","name":"Brian Longstaff","image":{"@type":"ImageObject","inLanguage":"en-US","@id":"https:\/\/ploff.net\/#\/schema\/person\/image\/","url":"https:\/\/secure.gravatar.com\/avatar\/6e54b28b52182bb68ba2cc9bc60c83c6?s=96&d=mm&r=g","contentUrl":"https:\/\/secure.gravatar.com\/avatar\/6e54b28b52182bb68ba2cc9bc60c83c6?s=96&d=mm&r=g","caption":"Brian Longstaff"},"url":"https:\/\/ploff.net\/en\/author\/brian\/"}]}},"_links":{"self":[{"href":"https:\/\/ploff.net\/en\/wp-json\/wp\/v2\/posts\/4539","targetHints":{"allow":["GET"]}}],"collection":[{"href":"https:\/\/ploff.net\/en\/wp-json\/wp\/v2\/posts"}],"about":[{"href":"https:\/\/ploff.net\/en\/wp-json\/wp\/v2\/types\/post"}],"author":[{"embeddable":true,"href":"https:\/\/ploff.net\/en\/wp-json\/wp\/v2\/users\/2"}],"replies":[{"embeddable":true,"href":"https:\/\/ploff.net\/en\/wp-json\/wp\/v2\/comments?post=4539"}],"version-history":[{"count":1,"href":"https:\/\/ploff.net\/en\/wp-json\/wp\/v2\/posts\/4539\/revisions"}],"predecessor-version":[{"id":4540,"href":"https:\/\/ploff.net\/en\/wp-json\/wp\/v2\/posts\/4539\/revisions\/4540"}],"wp:featuredmedia":[{"embeddable":true,"href":"https:\/\/ploff.net\/en\/wp-json\/wp\/v2\/media\/4534"}],"wp:attachment":[{"href":"https:\/\/ploff.net\/en\/wp-json\/wp\/v2\/media?parent=4539"}],"wp:term":[{"taxonomy":"category","embeddable":true,"href":"https:\/\/ploff.net\/en\/wp-json\/wp\/v2\/categories?post=4539"},{"taxonomy":"post_tag","embeddable":true,"href":"https:\/\/ploff.net\/en\/wp-json\/wp\/v2\/tags?post=4539"}],"curies":[{"name":"wp","href":"https:\/\/api.w.org\/{rel}","templated":true}]}}