{"id":960,"date":"2012-01-23T03:03:20","date_gmt":"2012-01-23T06:03:20","guid":{"rendered":"https:\/\/ploff.net\/?p=960"},"modified":"2012-01-23T03:03:20","modified_gmt":"2012-01-23T06:03:20","slug":"boletin-consciente-n-37","status":"publish","type":"post","link":"https:\/\/ploff.net\/en\/boletin-consciente-n-37\/","title":{"rendered":"Bolet\u00edn Consciente N\u00b0 37"},"content":{"rendered":"<p><\/p>\n<p style=\"text-align: justify;\">Greetings to all our readers, those who take 5 minutes to read these lines, thanks!<\/p>\n<p style=\"text-align: justify;\">In \u201cClimate Wars\u201d, a book written by Harald Welzer, a German sociologist and social psychologist, a report from the Federal Government for the Global Environmental Transformations Scientific Council is mentioned, which says that nowadays, there are <strong>1.000 million people who do not have a secure access to a good quantity and quality of drinkable water<\/strong>. It also says that <strong>850 million people in the world suffer from hunger\u2026<\/strong> so we are speaking of nearly 2 billion (<em>2.000.000.000<\/em>) people who have serious issues in finding water and food. Basic\u2026 An astounding fact\u2026 We are now nearly 7 billion people in the world. So 29% of the world\u2019s population has really bad conditions for growth and intellectual cultivation through positive experiences, and for doing proactive things, by the mere fact of having as prime priority to drink and eat\u2026 and that is the same percentage of being born in this world with those same possibilities\u2026<\/p>\n<p style=\"text-align: justify;\">The wider variations in precipitations and availability of water, as well as the reduction of cultivable surfaces, are problems which get worse through climate change, and only help to enlarge those numbers\u2026<\/p>\n<p style=\"text-align: justify;\">Harald Welzer thinks that \u201c<em>climate change is not only an environmental policy issue with the utmost urgency, but, at the same time, constitutes the Modernity\u2019s biggest social challenge, by threatening the survival opportunities of millions of people, and forcing them to mass migrations. This leads us to the inevitable situation of knowing what to do with those masses of irregular migrants who no longer can live in the places they come from and want to have a share of the survival opportunities present in the privileged countries.<\/em>\u201d<\/p>\n<p style=\"text-align: justify;\">And us, Argentina, we are certainly a privileged country due to our natural resources, as long as we know how to manage them. I doubt our politicians are thinking the possibilities of receiving big masses of environmental refugees in the near future. How would we receive them? Would we receive them in the first place? Will our resources be sufficient for everyone? It would be wise to approach these issues with no fear for change. In the book it says that \u201c<em>Sir Nicholas Stern, ex economist in chief of the World Bank, calculated that <strong>the costs for not acting to stop climate change will demand between 5% to 20% <\/strong>(most likely the latter) <strong>of the global per capita income. Instead, stabilizing the carbon dioxide emission for 2050 would cost just 1% of the global GDP<\/strong>, which would be absolutely conceivable with a normal development of the economy.<\/em>\u201d (the <strong>bold<\/strong> is always mine)<\/p>\n<p style=\"text-align: justify;\">Hence, it is possible. Starting locally, our country should start creating migratory plans, to know how to control the inflow of environmental refugees, as well as dealing with the implementation of policies which protect the environment, for the conservation and exploitation of natural resources, combined with a new economy which allows changing the energetic matrix as well as assuring the wellbeing of society\u2026<\/p>\n<p style=\"text-align: justify;\">This all sounds quite utopic\u2026 but it wouldn\u2019t if everyone, and I mean everyone indeed, had real consciousness on global issues. And by being conscious of the problem, one can really perceive it, and automatically stops ignoring it. And the media shows slightly the truth\u2026 or do they tell us how is everything going in Haiti? And in Sudan? They don\u2019t tell us anything\u2026 The newspaper\u2019s front page or the hot news on the TV are only glimpses of reality, the tip of the iceberg. Welzer says that \u201c<em>the deciding factor for people\u2019s conduct in specific situations are not the objective conditions of those situations, but their perceptions and the way in which they interpret them. Only interpretation leads to a conclusion and this one leads to action.<\/em>\u201d And in order to perceive and interpret, we have to deepen our knowledge in these issues, and it seems that no one will help us doing this (and it is not convenient for some people). Hence, once more, it is us who need to generate consciousness among our loved ones about the importance of climate change, renewable energies, shifts in education, the pure essence of living\u2026<\/p>\n<p style=\"text-align: justify;\">What is difficult is to brake the short term thinking with which we were taught to make decisions and learn to see further on.<\/p>\n<p style=\"text-align: justify;\">Welzer says: \u201c<em>the thing gets more complicated when, as happens with climate change, the causes of the problems go back to at least half a century and were impossible to conceive given the state of scientific research at that time on natural science. And it all gets even more complicated when the actual strategies to fight back the consequences of those unpredictable actions can only provide uncertain success and, regretfully, in a long run. In this case, <strong>that temporal relation between the action and its consequences extends through generations<\/strong> and, independently form that, we can only understand it through what science tells us. It is practically impossible to experiment it in a sensible manner, <strong>which constitutes a huge obstacle when you need to motivate people to take action<\/strong>, and it also does not help us to take at least some part of the responsibility for today\u2019s global problems.<\/em>\u201d<em>\u00a0 <strong>\u00a0<\/strong><\/em><\/p>\n<p style=\"text-align: justify;\">Hence, LET US MOTIVATE OURSELVES TO TAKE ACTION.<\/p>\n<p style=\"text-align: justify;\">I wish you the best, as always.<\/p>\n<p style=\"text-align: justify;\">Ploff. It is not environmentalism, <strong>it is changing the world.<\/strong><\/p>\n<p style=\"text-align: justify;\">Brian Longstaff.-<\/p>\n<p><\/p>","protected":false},"excerpt":{"rendered":"<p>Greetings to all our readers, those who take 5 minutes to read these lines, thanks! In \u201cClimate Wars\u201d, a book written by Harald Welzer, a German sociologist and social psychologist, a report from the Federal Government for the Global Environmental Transformations Scientific Council is mentioned, which says that nowadays, there are 1.000 million people who [&hellip;]<\/p>\n","protected":false},"author":2,"featured_media":0,"comment_status":"open","ping_status":"open","sticky":false,"template":"","format":"standard","meta":{"_monsterinsights_skip_tracking":false,"_monsterinsights_sitenote_active":false,"_monsterinsights_sitenote_note":"","_monsterinsights_sitenote_category":0,"footnotes":""},"categories":[2],"tags":[118,119,169,181,291,292,378],"class_list":["post-960","post","type-post","status-publish","format-standard","hentry","category-boletin","tag-demografia","tag-demography","tag-environmental-refugees","tag-explosion-demografica","tag-migraciones","tag-migrations","tag-refugiados-ambientales"],"yoast_head":"<!-- This site is optimized with the Yoast SEO plugin v24.3 - https:\/\/yoast.com\/wordpress\/plugins\/seo\/ -->\n<title>Bolet\u00edn Consciente N\u00b0 37 - Ploff.net<\/title>\n<meta name=\"robots\" content=\"index, follow, max-snippet:-1, max-image-preview:large, max-video-preview:-1\" \/>\n<link rel=\"canonical\" href=\"https:\/\/ploff.net\/en\/boletin-consciente-n-37\/\" \/>\n<meta property=\"og:locale\" content=\"en_US\" \/>\n<meta property=\"og:type\" content=\"article\" \/>\n<meta property=\"og:title\" content=\"Bolet\u00edn Consciente N\u00b0 37 - Ploff.net\" \/>\n<meta property=\"og:description\" content=\"Greetings to all our readers, those who take 5 minutes to read these lines, thanks! In \u201cClimate Wars\u201d, a book written by Harald Welzer, a German sociologist and social psychologist, a report from the Federal Government for the Global Environmental Transformations Scientific Council is mentioned, which says that nowadays, there are 1.000 million people who [&hellip;]\" \/>\n<meta property=\"og:url\" content=\"https:\/\/ploff.net\/en\/boletin-consciente-n-37\/\" \/>\n<meta property=\"og:site_name\" content=\"Ploff.net\" \/>\n<meta property=\"article:publisher\" content=\"https:\/\/www.facebook.com\/ploffnet\/\" \/>\n<meta property=\"article:published_time\" content=\"2012-01-23T06:03:20+00:00\" \/>\n<meta name=\"author\" content=\"Brian Longstaff\" \/>\n<meta name=\"twitter:card\" content=\"summary_large_image\" \/>\n<meta name=\"twitter:label1\" content=\"Written by\" \/>\n\t<meta name=\"twitter:data1\" content=\"Brian Longstaff\" \/>\n\t<meta name=\"twitter:label2\" content=\"Est. reading time\" \/>\n\t<meta name=\"twitter:data2\" content=\"9 minutes\" \/>\n<script type=\"application\/ld+json\" class=\"yoast-schema-graph\">{\"@context\":\"https:\/\/schema.org\",\"@graph\":[{\"@type\":\"Article\",\"@id\":\"https:\/\/ploff.net\/en\/boletin-consciente-n-37\/#article\",\"isPartOf\":{\"@id\":\"https:\/\/ploff.net\/en\/boletin-consciente-n-37\/\"},\"author\":{\"name\":\"Brian Longstaff\",\"@id\":\"https:\/\/ploff.net\/#\/schema\/person\/50f4145b8c3f93374cec32f352d4244a\"},\"headline\":\"Bolet\u00edn Consciente N\u00b0 37\",\"datePublished\":\"2012-01-23T06:03:20+00:00\",\"dateModified\":\"2012-01-23T06:03:20+00:00\",\"mainEntityOfPage\":{\"@id\":\"https:\/\/ploff.net\/en\/boletin-consciente-n-37\/\"},\"wordCount\":1891,\"commentCount\":0,\"publisher\":{\"@id\":\"https:\/\/ploff.net\/#organization\"},\"keywords\":[\"demograf\u00eda\",\"demography\",\"environmental refugees\",\"Explosi\u00f3n Demogr\u00e1fica\",\"migraciones\",\"migrations\",\"refugiados ambientales\"],\"articleSection\":[\"Boletin\"],\"inLanguage\":\"en-US\",\"potentialAction\":[{\"@type\":\"CommentAction\",\"name\":\"Comment\",\"target\":[\"https:\/\/ploff.net\/en\/boletin-consciente-n-37\/#respond\"]}]},{\"@type\":\"WebPage\",\"@id\":\"https:\/\/ploff.net\/en\/boletin-consciente-n-37\/\",\"url\":\"https:\/\/ploff.net\/en\/boletin-consciente-n-37\/\",\"name\":\"Bolet\u00edn Consciente N\u00b0 37 - Ploff.net\",\"isPartOf\":{\"@id\":\"https:\/\/ploff.net\/#website\"},\"datePublished\":\"2012-01-23T06:03:20+00:00\",\"dateModified\":\"2012-01-23T06:03:20+00:00\",\"breadcrumb\":{\"@id\":\"https:\/\/ploff.net\/en\/boletin-consciente-n-37\/#breadcrumb\"},\"inLanguage\":\"en-US\",\"potentialAction\":[{\"@type\":\"ReadAction\",\"target\":[\"https:\/\/ploff.net\/en\/boletin-consciente-n-37\/\"]}]},{\"@type\":\"BreadcrumbList\",\"@id\":\"https:\/\/ploff.net\/en\/boletin-consciente-n-37\/#breadcrumb\",\"itemListElement\":[{\"@type\":\"ListItem\",\"position\":1,\"name\":\"Portada\",\"item\":\"https:\/\/ploff.net\/\"},{\"@type\":\"ListItem\",\"position\":2,\"name\":\"Bolet\u00edn Consciente N\u00b0 37\"}]},{\"@type\":\"WebSite\",\"@id\":\"https:\/\/ploff.net\/#website\",\"url\":\"https:\/\/ploff.net\/\",\"name\":\"Ploff.net - Amor, Paz, Unidad y Amistad\",\"description\":\"Love, Peace, Unity, Friendship.\",\"publisher\":{\"@id\":\"https:\/\/ploff.net\/#organization\"},\"potentialAction\":[{\"@type\":\"SearchAction\",\"target\":{\"@type\":\"EntryPoint\",\"urlTemplate\":\"https:\/\/ploff.net\/?s={search_term_string}\"},\"query-input\":{\"@type\":\"PropertyValueSpecification\",\"valueRequired\":true,\"valueName\":\"search_term_string\"}}],\"inLanguage\":\"en-US\"},{\"@type\":\"Organization\",\"@id\":\"https:\/\/ploff.net\/#organization\",\"name\":\"Ploff\",\"url\":\"https:\/\/ploff.net\/\",\"logo\":{\"@type\":\"ImageObject\",\"inLanguage\":\"en-US\",\"@id\":\"https:\/\/ploff.net\/#\/schema\/logo\/image\/\",\"url\":\"https:\/\/ploff.net\/wp-content\/uploads\/2020\/04\/ploff-logo.jpg\",\"contentUrl\":\"https:\/\/ploff.net\/wp-content\/uploads\/2020\/04\/ploff-logo.jpg\",\"width\":180,\"height\":180,\"caption\":\"Ploff\"},\"image\":{\"@id\":\"https:\/\/ploff.net\/#\/schema\/logo\/image\/\"},\"sameAs\":[\"https:\/\/www.facebook.com\/ploffnet\/\",\"https:\/\/www.youtube.com\/user\/Ploffnet\"]},{\"@type\":\"Person\",\"@id\":\"https:\/\/ploff.net\/#\/schema\/person\/50f4145b8c3f93374cec32f352d4244a\",\"name\":\"Brian Longstaff\",\"image\":{\"@type\":\"ImageObject\",\"inLanguage\":\"en-US\",\"@id\":\"https:\/\/ploff.net\/#\/schema\/person\/image\/\",\"url\":\"https:\/\/secure.gravatar.com\/avatar\/6e54b28b52182bb68ba2cc9bc60c83c6?s=96&d=mm&r=g\",\"contentUrl\":\"https:\/\/secure.gravatar.com\/avatar\/6e54b28b52182bb68ba2cc9bc60c83c6?s=96&d=mm&r=g\",\"caption\":\"Brian Longstaff\"},\"url\":\"https:\/\/ploff.net\/en\/author\/brian\/\"}]}<\/script>\n<!-- \/ Yoast SEO plugin. -->","yoast_head_json":{"title":"Bolet\u00edn Consciente N\u00b0 37 - Ploff.net","robots":{"index":"index","follow":"follow","max-snippet":"max-snippet:-1","max-image-preview":"max-image-preview:large","max-video-preview":"max-video-preview:-1"},"canonical":"https:\/\/ploff.net\/en\/boletin-consciente-n-37\/","og_locale":"en_US","og_type":"article","og_title":"Bolet\u00edn Consciente N\u00b0 37 - Ploff.net","og_description":"Greetings to all our readers, those who take 5 minutes to read these lines, thanks! In \u201cClimate Wars\u201d, a book written by Harald Welzer, a German sociologist and social psychologist, a report from the Federal Government for the Global Environmental Transformations Scientific Council is mentioned, which says that nowadays, there are 1.000 million people who [&hellip;]","og_url":"https:\/\/ploff.net\/en\/boletin-consciente-n-37\/","og_site_name":"Ploff.net","article_publisher":"https:\/\/www.facebook.com\/ploffnet\/","article_published_time":"2012-01-23T06:03:20+00:00","author":"Brian Longstaff","twitter_card":"summary_large_image","twitter_misc":{"Written by":"Brian Longstaff","Est. reading time":"9 minutes"},"schema":{"@context":"https:\/\/schema.org","@graph":[{"@type":"Article","@id":"https:\/\/ploff.net\/en\/boletin-consciente-n-37\/#article","isPartOf":{"@id":"https:\/\/ploff.net\/en\/boletin-consciente-n-37\/"},"author":{"name":"Brian Longstaff","@id":"https:\/\/ploff.net\/#\/schema\/person\/50f4145b8c3f93374cec32f352d4244a"},"headline":"Bolet\u00edn Consciente N\u00b0 37","datePublished":"2012-01-23T06:03:20+00:00","dateModified":"2012-01-23T06:03:20+00:00","mainEntityOfPage":{"@id":"https:\/\/ploff.net\/en\/boletin-consciente-n-37\/"},"wordCount":1891,"commentCount":0,"publisher":{"@id":"https:\/\/ploff.net\/#organization"},"keywords":["demograf\u00eda","demography","environmental refugees","Explosi\u00f3n Demogr\u00e1fica","migraciones","migrations","refugiados ambientales"],"articleSection":["Boletin"],"inLanguage":"en-US","potentialAction":[{"@type":"CommentAction","name":"Comment","target":["https:\/\/ploff.net\/en\/boletin-consciente-n-37\/#respond"]}]},{"@type":"WebPage","@id":"https:\/\/ploff.net\/en\/boletin-consciente-n-37\/","url":"https:\/\/ploff.net\/en\/boletin-consciente-n-37\/","name":"Bolet\u00edn Consciente N\u00b0 37 - Ploff.net","isPartOf":{"@id":"https:\/\/ploff.net\/#website"},"datePublished":"2012-01-23T06:03:20+00:00","dateModified":"2012-01-23T06:03:20+00:00","breadcrumb":{"@id":"https:\/\/ploff.net\/en\/boletin-consciente-n-37\/#breadcrumb"},"inLanguage":"en-US","potentialAction":[{"@type":"ReadAction","target":["https:\/\/ploff.net\/en\/boletin-consciente-n-37\/"]}]},{"@type":"BreadcrumbList","@id":"https:\/\/ploff.net\/en\/boletin-consciente-n-37\/#breadcrumb","itemListElement":[{"@type":"ListItem","position":1,"name":"Portada","item":"https:\/\/ploff.net\/"},{"@type":"ListItem","position":2,"name":"Bolet\u00edn Consciente N\u00b0 37"}]},{"@type":"WebSite","@id":"https:\/\/ploff.net\/#website","url":"https:\/\/ploff.net\/","name":"Ploff.net - Amor, Paz, Unidad y Amistad","description":"Love, Peace, Unity, Friendship.","publisher":{"@id":"https:\/\/ploff.net\/#organization"},"potentialAction":[{"@type":"SearchAction","target":{"@type":"EntryPoint","urlTemplate":"https:\/\/ploff.net\/?s={search_term_string}"},"query-input":{"@type":"PropertyValueSpecification","valueRequired":true,"valueName":"search_term_string"}}],"inLanguage":"en-US"},{"@type":"Organization","@id":"https:\/\/ploff.net\/#organization","name":"Ploff","url":"https:\/\/ploff.net\/","logo":{"@type":"ImageObject","inLanguage":"en-US","@id":"https:\/\/ploff.net\/#\/schema\/logo\/image\/","url":"https:\/\/ploff.net\/wp-content\/uploads\/2020\/04\/ploff-logo.jpg","contentUrl":"https:\/\/ploff.net\/wp-content\/uploads\/2020\/04\/ploff-logo.jpg","width":180,"height":180,"caption":"Ploff"},"image":{"@id":"https:\/\/ploff.net\/#\/schema\/logo\/image\/"},"sameAs":["https:\/\/www.facebook.com\/ploffnet\/","https:\/\/www.youtube.com\/user\/Ploffnet"]},{"@type":"Person","@id":"https:\/\/ploff.net\/#\/schema\/person\/50f4145b8c3f93374cec32f352d4244a","name":"Brian Longstaff","image":{"@type":"ImageObject","inLanguage":"en-US","@id":"https:\/\/ploff.net\/#\/schema\/person\/image\/","url":"https:\/\/secure.gravatar.com\/avatar\/6e54b28b52182bb68ba2cc9bc60c83c6?s=96&d=mm&r=g","contentUrl":"https:\/\/secure.gravatar.com\/avatar\/6e54b28b52182bb68ba2cc9bc60c83c6?s=96&d=mm&r=g","caption":"Brian Longstaff"},"url":"https:\/\/ploff.net\/en\/author\/brian\/"}]}},"_links":{"self":[{"href":"https:\/\/ploff.net\/en\/wp-json\/wp\/v2\/posts\/960","targetHints":{"allow":["GET"]}}],"collection":[{"href":"https:\/\/ploff.net\/en\/wp-json\/wp\/v2\/posts"}],"about":[{"href":"https:\/\/ploff.net\/en\/wp-json\/wp\/v2\/types\/post"}],"author":[{"embeddable":true,"href":"https:\/\/ploff.net\/en\/wp-json\/wp\/v2\/users\/2"}],"replies":[{"embeddable":true,"href":"https:\/\/ploff.net\/en\/wp-json\/wp\/v2\/comments?post=960"}],"version-history":[{"count":0,"href":"https:\/\/ploff.net\/en\/wp-json\/wp\/v2\/posts\/960\/revisions"}],"wp:attachment":[{"href":"https:\/\/ploff.net\/en\/wp-json\/wp\/v2\/media?parent=960"}],"wp:term":[{"taxonomy":"category","embeddable":true,"href":"https:\/\/ploff.net\/en\/wp-json\/wp\/v2\/categories?post=960"},{"taxonomy":"post_tag","embeddable":true,"href":"https:\/\/ploff.net\/en\/wp-json\/wp\/v2\/tags?post=960"}],"curies":[{"name":"wp","href":"https:\/\/api.w.org\/{rel}","templated":true}]}}